{"id":646257,"date":"2026-08-22T11:33:15","date_gmt":"2026-08-22T17:33:15","guid":{"rendered":"https:\/\/www.zunoticia.com\/noticias-de-hidalgo\/?p=646257"},"modified":"2026-08-22T11:33:17","modified_gmt":"2026-08-22T17:33:17","slug":"conmemoran-30-aniversario-del-heroico-cuerpo-de-bomberos-de-huejutla","status":"publish","type":"post","link":"https:\/\/www.zunoticia.com\/noticias-de-hidalgo\/2026\/08\/22\/conmemoran-30-aniversario-del-heroico-cuerpo-de-bomberos-de-huejutla\/","title":{"rendered":"Conmemoran 30 Aniversario del Heroico Cuerpo de Bomberos de Huejutla"},"content":{"rendered":"<aside class=\"mashsb-container mashsb-main mashsb-stretched\"><div class=\"mashsb-box\"><div class=\"mashsb-count mash-large\" style=\"&quot;\"><div class=\"counts mashsbcount\">0<\/div><span class=\"mashsb-sharetext\">SHARES<\/span><\/div><div class=\"mashsb-buttons\"><a class=\"mashicon-facebook mash-large mash-center mashsb-noshadow\" href=\"https:\/\/www.facebook.com\/sharer.php?u=https%3A%2F%2Fwww.zunoticia.com%2Fnoticias-de-hidalgo%2F2026%2F08%2F22%2Fconmemoran-30-aniversario-del-heroico-cuerpo-de-bomberos-de-huejutla%2F\" target=\"_top\" rel=\"nofollow\"><span class=\"icon\"><\/span><span class=\"text\">Share<\/span><\/a><a class=\"mashicon-twitter mash-large mash-center mashsb-noshadow\" href=\"https:\/\/twitter.com\/intent\/tweet?text=&amp;url=https:\/\/www.zunoticia.com\/noticias-de-hidalgo\/2026\/08\/22\/conmemoran-30-aniversario-del-heroico-cuerpo-de-bomberos-de-huejutla\/\" target=\"_top\" rel=\"nofollow\"><span class=\"icon\"><\/span><span class=\"text\">Tweet<\/span><\/a><div class=\"onoffswitch2 mash-large mashsb-noshadow\" style=\"display:none\"><\/div><\/div>\n            <\/div>\n                <div style=\"clear:both\"><\/div><div class=\"mashsb-toggle-container\"><\/div><\/aside>\n            <!-- Share buttons by mashshare.net - Version: 4.0.47-->\n<p class=\"wp-block-paragraph\"><em>Por Enedino Hern\u00e1ndez \/ Zunoticia<\/em><\/p>\n\n\n\n<p class=\"wp-block-paragraph\"><strong>Huejutla, Hgo<\/strong>.- Con una misa de acci\u00f3n de gracias, el Heroico Cuerpo de Bomberos de Huejutla conmemor\u00f3, la ma\u00f1ana de este s\u00e1bado, su trig\u00e9simo aniversario de creaci\u00f3n, que coincide con el D\u00eda Nacional del Bombero.<\/p>\n\n\n\n<p class=\"wp-block-paragraph\">El jefe instructor, Carlos Francisco Hidalgo Contreras, inform\u00f3 que la corporaci\u00f3n fue fundada en 1996, por lo que este 2026 cumplen 30 a\u00f1os de servicio ininterrumpido a la Huasteca Hidalguense y norte de Veracruz.<\/p>\n\n\n\n<p class=\"wp-block-paragraph\">El instructor de Bomberos se\u00f1al\u00f3 &#8220;hoy m\u00e1s que una celebraci\u00f3n recordamos a aquellos bomberos ca\u00eddos en el cumplimiento de su deber, aquellos bomberos que dieron su vida por salvar la vida de otras personas, incluso por salvar la vida de un animalito, hoy honramos a esas personas que ya no est\u00e1n con nosotros&#8221;, expres\u00f3.<\/p>\n\n\n\n<p class=\"wp-block-paragraph\">Asimismo, pidi\u00f3 por las almas de los integrantes del Patronato, quienes hicieron posible la creaci\u00f3n y permanencia del cuerpo de rescate: el profesor Romeo Lara G\u00f3mez, Hip\u00f3lito Hern\u00e1ndez Castillo, Refugio Miranda San Rom\u00e1n, Jos\u00e9 Luis Ortiz Amador, Camilo Fayad Medina y la madrina Rebeca Reyes Lara, quienes dijo, dieron su tiempo, dedicaci\u00f3n y esfuerzo para que el proyecto diera frutos.<\/p>\n\n\n\n<p class=\"wp-block-paragraph\">Agradeci\u00f3 a la ciudadan\u00eda huejutlense por la confianza y credibilidad brindada durante tres d\u00e9cadas, destac\u00f3 que afortunadamente ning\u00fan elemento activo de Huejutla ha ca\u00eddo en el cumplimiento del deber.<\/p>\n\n\n\n<p class=\"wp-block-paragraph\">Finalmente, Carlos Francisco Hidalgo Contreras, reiter\u00f3 el lema que los rige: Vivir para servir y servir hasta morir&#8221;.<\/p>\n","protected":false},"excerpt":{"rendered":"<p>Por Enedino Hern\u00e1ndez \/ Zunoticia Huejutla, Hgo.- Con una misa de acci\u00f3n de gracias, el Heroico Cuerpo de Bomberos de Huejutla conmemor\u00f3, la ma\u00f1ana de este s\u00e1bado, su trig\u00e9simo aniversario de creaci\u00f3n, que coincide con el D\u00eda Nacional del Bombero. El jefe instructor, Carlos Francisco Hidalgo Contreras, inform\u00f3 que la corporaci\u00f3n fue fundada en 1996,&hellip; <a class=\"more-link\" href=\"https:\/\/www.zunoticia.com\/noticias-de-hidalgo\/2026\/08\/22\/conmemoran-30-aniversario-del-heroico-cuerpo-de-bomberos-de-huejutla\/\">Seguir leyendo <span class=\"screen-reader-text\">Conmemoran 30 Aniversario del Heroico Cuerpo de Bomberos de Huejutla<\/span><\/a><\/p>\n","protected":false},"author":20,"featured_media":646258,"comment_status":"open","ping_status":"open","sticky":false,"template":"","format":"standard","meta":{"rop_custom_images_group":[],"rop_custom_messages_group":[],"rop_publish_now":"initial","rop_publish_now_accounts":{"facebook_10159540855086992_322828327761733":""},"rop_publish_now_history":[],"rop_publish_now_status":"pending","footnotes":""},"categories":[181],"tags":[121],"class_list":["post-646257","post","type-post","status-publish","format-standard","has-post-thumbnail","hentry","category-huejutla","tag-huejutla","entry"],"_links":{"self":[{"href":"https:\/\/www.zunoticia.com\/noticias-de-hidalgo\/wp-json\/wp\/v2\/posts\/646257","targetHints":{"allow":["GET"]}}],"collection":[{"href":"https:\/\/www.zunoticia.com\/noticias-de-hidalgo\/wp-json\/wp\/v2\/posts"}],"about":[{"href":"https:\/\/www.zunoticia.com\/noticias-de-hidalgo\/wp-json\/wp\/v2\/types\/post"}],"author":[{"embeddable":true,"href":"https:\/\/www.zunoticia.com\/noticias-de-hidalgo\/wp-json\/wp\/v2\/users\/20"}],"replies":[{"embeddable":true,"href":"https:\/\/www.zunoticia.com\/noticias-de-hidalgo\/wp-json\/wp\/v2\/comments?post=646257"}],"version-history":[{"count":1,"href":"https:\/\/www.zunoticia.com\/noticias-de-hidalgo\/wp-json\/wp\/v2\/posts\/646257\/revisions"}],"predecessor-version":[{"id":646259,"href":"https:\/\/www.zunoticia.com\/noticias-de-hidalgo\/wp-json\/wp\/v2\/posts\/646257\/revisions\/646259"}],"wp:featuredmedia":[{"embeddable":true,"href":"https:\/\/www.zunoticia.com\/noticias-de-hidalgo\/wp-json\/wp\/v2\/media\/646258"}],"wp:attachment":[{"href":"https:\/\/www.zunoticia.com\/noticias-de-hidalgo\/wp-json\/wp\/v2\/media?parent=646257"}],"wp:term":[{"taxonomy":"category","embeddable":true,"href":"https:\/\/www.zunoticia.com\/noticias-de-hidalgo\/wp-json\/wp\/v2\/categories?post=646257"},{"taxonomy":"post_tag","embeddable":true,"href":"https:\/\/www.zunoticia.com\/noticias-de-hidalgo\/wp-json\/wp\/v2\/tags?post=646257"}],"curies":[{"name":"wp","href":"https:\/\/api.w.org\/{rel}","templated":true}]}}