{"id":646288,"date":"2026-08-22T17:12:08","date_gmt":"2026-08-22T23:12:08","guid":{"rendered":"https:\/\/www.zunoticia.com\/noticias-de-hidalgo\/?p=646288"},"modified":"2026-08-22T17:12:09","modified_gmt":"2026-08-22T23:12:09","slug":"seph-coordina-acciones-para-inicio-del-ciclo-escolar-2026-2027","status":"publish","type":"post","link":"https:\/\/www.zunoticia.com\/noticias-de-hidalgo\/2026\/08\/22\/seph-coordina-acciones-para-inicio-del-ciclo-escolar-2026-2027\/","title":{"rendered":"SEPH coordina acciones para inicio del ciclo escolar 2026-2027"},"content":{"rendered":"<aside class=\"mashsb-container mashsb-main mashsb-stretched\"><div class=\"mashsb-box\"><div class=\"mashsb-count mash-large\" style=\"&quot;\"><div class=\"counts mashsbcount\">0<\/div><span class=\"mashsb-sharetext\">SHARES<\/span><\/div><div class=\"mashsb-buttons\"><a class=\"mashicon-facebook mash-large mash-center mashsb-noshadow\" href=\"https:\/\/www.facebook.com\/sharer.php?u=https%3A%2F%2Fwww.zunoticia.com%2Fnoticias-de-hidalgo%2F2026%2F08%2F22%2Fseph-coordina-acciones-para-inicio-del-ciclo-escolar-2026-2027%2F\" target=\"_top\" rel=\"nofollow\"><span class=\"icon\"><\/span><span class=\"text\">Share<\/span><\/a><a class=\"mashicon-twitter mash-large mash-center mashsb-noshadow\" href=\"https:\/\/twitter.com\/intent\/tweet?text=&amp;url=https:\/\/www.zunoticia.com\/noticias-de-hidalgo\/2026\/08\/22\/seph-coordina-acciones-para-inicio-del-ciclo-escolar-2026-2027\/\" target=\"_top\" rel=\"nofollow\"><span class=\"icon\"><\/span><span class=\"text\">Tweet<\/span><\/a><div class=\"onoffswitch2 mash-large mashsb-noshadow\" style=\"display:none\"><\/div><\/div>\n            <\/div>\n                <div style=\"clear:both\"><\/div><div class=\"mashsb-toggle-container\"><\/div><\/aside>\n            <!-- Share buttons by mashshare.net - Version: 4.0.47-->\n<ul class=\"wp-block-list\">\n<li>Dan seguimiento a la distribuci\u00f3n de Libros de Texto Gratuitos y a programas de Educaci\u00f3n B\u00e1sica<\/li>\n<\/ul>\n\n\n\n<p class=\"wp-block-paragraph\"><em>Por Redacci\u00f3n\/Zunoticia<\/em><\/p>\n\n\n\n<p class=\"wp-block-paragraph\"><strong>Pachuca de Soto, Hgo<\/strong>.- La Secretar\u00eda de Educaci\u00f3n P\u00fablica de Hidalgo (SEPH), a trav\u00e9s de la Subsecretar\u00eda de Educaci\u00f3n B\u00e1sica, da seguimiento permanente a temas estrat\u00e9gicos para fortalecer la coordinaci\u00f3n de las actividades del ciclo escolar 2026-2027.<\/p>\n\n\n\n<p class=\"wp-block-paragraph\">En representaci\u00f3n del secretario de Educaci\u00f3n P\u00fablica de Hidalgo, Natividad Castrej\u00f3n Valdez, la subsecretaria de Educaci\u00f3n B\u00e1sica, Nancy Adriana Le\u00f3n Vite, sostuvo una reuni\u00f3n de trabajo con las y los directores generales del \u00e1rea para revisar asuntos relacionados con el pr\u00f3ximo ciclo escolar, entre ellos, la circular para el inicio de clases 2026-2027, el reporte correspondiente al primer d\u00eda de actividades, as\u00ed como la recepci\u00f3n y distribuci\u00f3n de los Libros de Texto Gratuitos.<\/p>\n\n\n\n<p class=\"wp-block-paragraph\">Tambi\u00e9n se revisaron los trabajos vinculados con el Diplomado Educaci\u00f3n Ambiental Cr\u00edtica, la estrategia \u201cRegreso a Clases con un \u00c1rbol\u201d, el Parlamento Infantil y las actividades programadas en el marco de la Feria San Francisco 2026.<\/p>\n\n\n\n<p class=\"wp-block-paragraph\">Asimismo, se analizaron los avances del Convenio de Colaboraci\u00f3n con el Museo de Memoria y Tolerancia, adem\u00e1s de diversos procesos de consulta, convocatorias y solicitudes de informaci\u00f3n.<\/p>\n\n\n\n<p class=\"wp-block-paragraph\">Con estas acciones, la SEPH fortalece la coordinaci\u00f3n entre sus distintas \u00e1reas y da continuidad a los temas prioritarios para el pr\u00f3ximo ciclo escolar.<\/p>\n\n\n\n<p class=\"wp-block-paragraph\">En la reuni\u00f3n participaron la titular de la Unidad de Gesti\u00f3n T\u00e9cnica, Claudia Huerta Ruiz; el director general de Educaci\u00f3n B\u00e1sica, Leobardo Cano Albarr\u00e1n; la directora general de Desarrollo Curricular, Mar\u00eda del Rosario Ram\u00edrez Hern\u00e1ndez; la directora general de Servicios Regionales, Josefina Serrano Bautista; el director general de Asesor\u00eda y Gesti\u00f3n Educativa, Andr\u00e9s Caballero Zer\u00f3n; y el subdirector de Contralor\u00eda Social, Alberto Armador Artista, en representaci\u00f3n del director general de Fortalecimiento Educativo, Mart\u00edn P\u00e9rez Sierra.<\/p>\n\n\n\n<figure class=\"wp-block-image size-large\"><img fetchpriority=\"high\" decoding=\"async\" width=\"1024\" height=\"538\" src=\"https:\/\/www.zunoticia.com\/noticias-de-hidalgo\/wp-content\/uploads\/2026\/08\/Zunoticia.com_-257-1024x538.png\" alt=\"\" class=\"wp-image-646290\" srcset=\"https:\/\/www.zunoticia.com\/noticias-de-hidalgo\/wp-content\/uploads\/2026\/08\/Zunoticia.com_-257-1024x538.png 1024w, https:\/\/www.zunoticia.com\/noticias-de-hidalgo\/wp-content\/uploads\/2026\/08\/Zunoticia.com_-257-300x158.png 300w, https:\/\/www.zunoticia.com\/noticias-de-hidalgo\/wp-content\/uploads\/2026\/08\/Zunoticia.com_-257-768x403.png 768w, https:\/\/www.zunoticia.com\/noticias-de-hidalgo\/wp-content\/uploads\/2026\/08\/Zunoticia.com_-257.png 1200w\" sizes=\"(max-width: 1024px) 100vw, 1024px\" \/><\/figure>\n","protected":false},"excerpt":{"rendered":"<p>Por Redacci\u00f3n\/Zunoticia Pachuca de Soto, Hgo.- La Secretar\u00eda de Educaci\u00f3n P\u00fablica de Hidalgo (SEPH), a trav\u00e9s de la Subsecretar\u00eda de Educaci\u00f3n B\u00e1sica, da seguimiento permanente a temas estrat\u00e9gicos para fortalecer la coordinaci\u00f3n de las actividades del ciclo escolar 2026-2027. En representaci\u00f3n del secretario de Educaci\u00f3n P\u00fablica de Hidalgo, Natividad Castrej\u00f3n Valdez, la subsecretaria de Educaci\u00f3n&hellip; <a class=\"more-link\" href=\"https:\/\/www.zunoticia.com\/noticias-de-hidalgo\/2026\/08\/22\/seph-coordina-acciones-para-inicio-del-ciclo-escolar-2026-2027\/\">Seguir leyendo <span class=\"screen-reader-text\">SEPH coordina acciones para inicio del ciclo escolar 2026-2027<\/span><\/a><\/p>\n","protected":false},"author":20,"featured_media":646289,"comment_status":"open","ping_status":"open","sticky":false,"template":"","format":"standard","meta":{"rop_custom_images_group":[],"rop_custom_messages_group":[],"rop_publish_now":"initial","rop_publish_now_accounts":{"facebook_10159540855086992_322828327761733":""},"rop_publish_now_history":[],"rop_publish_now_status":"pending","footnotes":""},"categories":[208],"tags":[214],"class_list":["post-646288","post","type-post","status-publish","format-standard","has-post-thumbnail","hentry","category-estado","tag-estado","entry"],"_links":{"self":[{"href":"https:\/\/www.zunoticia.com\/noticias-de-hidalgo\/wp-json\/wp\/v2\/posts\/646288","targetHints":{"allow":["GET"]}}],"collection":[{"href":"https:\/\/www.zunoticia.com\/noticias-de-hidalgo\/wp-json\/wp\/v2\/posts"}],"about":[{"href":"https:\/\/www.zunoticia.com\/noticias-de-hidalgo\/wp-json\/wp\/v2\/types\/post"}],"author":[{"embeddable":true,"href":"https:\/\/www.zunoticia.com\/noticias-de-hidalgo\/wp-json\/wp\/v2\/users\/20"}],"replies":[{"embeddable":true,"href":"https:\/\/www.zunoticia.com\/noticias-de-hidalgo\/wp-json\/wp\/v2\/comments?post=646288"}],"version-history":[{"count":1,"href":"https:\/\/www.zunoticia.com\/noticias-de-hidalgo\/wp-json\/wp\/v2\/posts\/646288\/revisions"}],"predecessor-version":[{"id":646291,"href":"https:\/\/www.zunoticia.com\/noticias-de-hidalgo\/wp-json\/wp\/v2\/posts\/646288\/revisions\/646291"}],"wp:featuredmedia":[{"embeddable":true,"href":"https:\/\/www.zunoticia.com\/noticias-de-hidalgo\/wp-json\/wp\/v2\/media\/646289"}],"wp:attachment":[{"href":"https:\/\/www.zunoticia.com\/noticias-de-hidalgo\/wp-json\/wp\/v2\/media?parent=646288"}],"wp:term":[{"taxonomy":"category","embeddable":true,"href":"https:\/\/www.zunoticia.com\/noticias-de-hidalgo\/wp-json\/wp\/v2\/categories?post=646288"},{"taxonomy":"post_tag","embeddable":true,"href":"https:\/\/www.zunoticia.com\/noticias-de-hidalgo\/wp-json\/wp\/v2\/tags?post=646288"}],"curies":[{"name":"wp","href":"https:\/\/api.w.org\/{rel}","templated":true}]}}