{"id":646357,"date":"2026-08-24T00:17:35","date_gmt":"2026-08-24T06:17:35","guid":{"rendered":"https:\/\/www.zunoticia.com\/noticias-de-hidalgo\/?p=646357"},"modified":"2026-08-24T00:17:36","modified_gmt":"2026-08-24T06:17:36","slug":"espejeando-164","status":"publish","type":"post","link":"https:\/\/www.zunoticia.com\/noticias-de-hidalgo\/2026\/08\/24\/espejeando-164\/","title":{"rendered":"ESPEJEANDO"},"content":{"rendered":"<aside class=\"mashsb-container mashsb-main mashsb-stretched\"><div class=\"mashsb-box\"><div class=\"mashsb-count mash-large\" style=\"&quot;\"><div class=\"counts mashsbcount\">0<\/div><span class=\"mashsb-sharetext\">SHARES<\/span><\/div><div class=\"mashsb-buttons\"><a class=\"mashicon-facebook mash-large mash-center mashsb-noshadow\" href=\"https:\/\/www.facebook.com\/sharer.php?u=https%3A%2F%2Fwww.zunoticia.com%2Fnoticias-de-hidalgo%2F2026%2F08%2F24%2Fespejeando-164%2F\" target=\"_top\" rel=\"nofollow\"><span class=\"icon\"><\/span><span class=\"text\">Share<\/span><\/a><a class=\"mashicon-twitter mash-large mash-center mashsb-noshadow\" href=\"https:\/\/twitter.com\/intent\/tweet?text=&amp;url=https:\/\/www.zunoticia.com\/noticias-de-hidalgo\/2026\/08\/24\/espejeando-164\/\" target=\"_top\" rel=\"nofollow\"><span class=\"icon\"><\/span><span class=\"text\">Tweet<\/span><\/a><div class=\"onoffswitch2 mash-large mashsb-noshadow\" style=\"display:none\"><\/div><\/div>\n            <\/div>\n                <div style=\"clear:both\"><\/div><div class=\"mashsb-toggle-container\"><\/div><\/aside>\n            <!-- Share buttons by mashshare.net - Version: 4.0.47-->\n<p class=\"wp-block-paragraph\">\u2022 EL REGRESO a clases con el inicio del nuevo ciclo escolar 2026-2027, se da en medio de controversias, debido a que en algunas escuelas del estado de Hidalgo que son controladas por la Coordinadora Nacional de Trabajadores de la Educaci\u00f3n, CNTE, habr\u00e1n de arrancar clases este lunes 24 de agosto, mientras los planteles que est\u00e1n bajo la jurisdicci\u00f3n del Sindicato Nacional de Trabajadores de la Educaci\u00f3n, SNTE, lo har\u00e1n el 31 de agosto.<\/p>\n\n\n\n<p class=\"wp-block-paragraph\">\u2022 Pero adem\u00e1s de esto, otro tema que parece ocupar a las escuelas es la tendencia que se ha generado en redes sociales, el reto llamado \u201cfarmear aura\u201d, que ha llevado a establecer la prohibici\u00f3n de esta pr\u00e1ctica en algunos planteles a nivel nacional, a\u00fan cuando aparentemente resulta inofensiva, ya que no existe contacto, ni acciones riesgosas.<\/p>\n\n\n\n<p class=\"wp-block-paragraph\">\u2022 Sin embargo el propio secretario de educaci\u00f3n, Mario Delgado, a trav\u00e9s de sus redes sociales public\u00f3 un video en donde lleva a cabo este mismo reto, dando la bienvenida al nuevo ciclo escolar, por tanto no existe una prohibici\u00f3n oficial como tal de parte de la autoridad educativa para que se realicen las llamadas batallas, incluso en la UNAM se llev\u00f3 a cabo ya uno de estos encuentros.<\/p>\n\n\n\n<p class=\"wp-block-paragraph\">\u2022 CON EL CIERRE del mes de agosto, los ayuntamientos apuran la elaboraci\u00f3n de sus informes de actividades con el fin de poder presentarlos posterior al informe del gobernador del estado, en donde se espera conocer que se ha realizado durante este segundo a\u00f1o de gobierno, aunque en la mayor\u00eda de los casos, se deja mucho que desear por la falta de realizaci\u00f3n de obras.<\/p>\n\n\n\n<p class=\"wp-block-paragraph\">\u2022 En municipios como HUAZALINGO, la principal queja que existe es que se ha dado prioridad a obras que son elegidas por el propio Ayuntamiento y no por decisi\u00f3n de los vecinos y autoridades, en complicidad con el coordinador de los programas de Bienestar, Julio C\u00e9sar Gonz\u00e1lez, acciones que incluso han sido denunciadas ante el pleno del cabildo por los regidores de oposici\u00f3n.<\/p>\n\n\n\n<p class=\"wp-block-paragraph\">\u2022 \u00c9N EL municipio de HUAUTLA todo pareciera haber quedado detenido desde el primer a\u00f1o de gobierno, y se ha utilizado como pretexto el tema de la vaguada de hace casi un a\u00f1o para justificar la falta de atenci\u00f3n de las principales demandas como el abasto de agua, ya que incluso los planteles educativos han tenido que padecer en la cabecera municipal.<\/p>\n\n\n\n<p class=\"wp-block-paragraph\">\u2022 Por cierto que el problema del terreno del mercado sigue complic\u00e1ndose sin poder ver una soluci\u00f3n en lo corto, ya que los comerciantes han optado por circular el predio para evitar que ingrese personal del Ayuntamiento.<\/p>\n","protected":false},"excerpt":{"rendered":"<p>\u2022 EL REGRESO a clases con el inicio del nuevo ciclo escolar 2026-2027, se da en medio de controversias, debido a que en algunas escuelas del estado de Hidalgo que son controladas por la Coordinadora Nacional de Trabajadores de la Educaci\u00f3n, CNTE, habr\u00e1n de arrancar clases este lunes 24 de agosto, mientras los planteles que&hellip; <a class=\"more-link\" href=\"https:\/\/www.zunoticia.com\/noticias-de-hidalgo\/2026\/08\/24\/espejeando-164\/\">Seguir leyendo <span class=\"screen-reader-text\">ESPEJEANDO<\/span><\/a><\/p>\n","protected":false},"author":24,"featured_media":646358,"comment_status":"open","ping_status":"open","sticky":false,"template":"","format":"standard","meta":{"rop_custom_images_group":[],"rop_custom_messages_group":[],"rop_publish_now":"initial","rop_publish_now_accounts":{"facebook_10159540855086992_322828327761733":""},"rop_publish_now_history":[],"rop_publish_now_status":"pending","footnotes":""},"categories":[176],"tags":[],"class_list":["post-646357","post","type-post","status-publish","format-standard","has-post-thumbnail","hentry","category-espejeando","entry"],"_links":{"self":[{"href":"https:\/\/www.zunoticia.com\/noticias-de-hidalgo\/wp-json\/wp\/v2\/posts\/646357","targetHints":{"allow":["GET"]}}],"collection":[{"href":"https:\/\/www.zunoticia.com\/noticias-de-hidalgo\/wp-json\/wp\/v2\/posts"}],"about":[{"href":"https:\/\/www.zunoticia.com\/noticias-de-hidalgo\/wp-json\/wp\/v2\/types\/post"}],"author":[{"embeddable":true,"href":"https:\/\/www.zunoticia.com\/noticias-de-hidalgo\/wp-json\/wp\/v2\/users\/24"}],"replies":[{"embeddable":true,"href":"https:\/\/www.zunoticia.com\/noticias-de-hidalgo\/wp-json\/wp\/v2\/comments?post=646357"}],"version-history":[{"count":1,"href":"https:\/\/www.zunoticia.com\/noticias-de-hidalgo\/wp-json\/wp\/v2\/posts\/646357\/revisions"}],"predecessor-version":[{"id":646359,"href":"https:\/\/www.zunoticia.com\/noticias-de-hidalgo\/wp-json\/wp\/v2\/posts\/646357\/revisions\/646359"}],"wp:featuredmedia":[{"embeddable":true,"href":"https:\/\/www.zunoticia.com\/noticias-de-hidalgo\/wp-json\/wp\/v2\/media\/646358"}],"wp:attachment":[{"href":"https:\/\/www.zunoticia.com\/noticias-de-hidalgo\/wp-json\/wp\/v2\/media?parent=646357"}],"wp:term":[{"taxonomy":"category","embeddable":true,"href":"https:\/\/www.zunoticia.com\/noticias-de-hidalgo\/wp-json\/wp\/v2\/categories?post=646357"},{"taxonomy":"post_tag","embeddable":true,"href":"https:\/\/www.zunoticia.com\/noticias-de-hidalgo\/wp-json\/wp\/v2\/tags?post=646357"}],"curies":[{"name":"wp","href":"https:\/\/api.w.org\/{rel}","templated":true}]}}