{"id":646360,"date":"2026-08-24T12:09:31","date_gmt":"2026-08-24T18:09:31","guid":{"rendered":"https:\/\/www.zunoticia.com\/noticias-de-hidalgo\/?p=646360"},"modified":"2026-08-24T12:09:33","modified_gmt":"2026-08-24T18:09:33","slug":"proteccion-civil-estuvo-en-reunion-de-consejo-estatal-con-la-coordinadora-nacional","status":"publish","type":"post","link":"https:\/\/www.zunoticia.com\/noticias-de-hidalgo\/2026\/08\/24\/proteccion-civil-estuvo-en-reunion-de-consejo-estatal-con-la-coordinadora-nacional\/","title":{"rendered":"Protecci\u00f3n Civil estuvo en reuni\u00f3n de Consejo Estatal con la Coordinadora nacional"},"content":{"rendered":"<aside class=\"mashsb-container mashsb-main mashsb-stretched\"><div class=\"mashsb-box\"><div class=\"mashsb-count mash-large\" style=\"&quot;\"><div class=\"counts mashsbcount\">0<\/div><span class=\"mashsb-sharetext\">SHARES<\/span><\/div><div class=\"mashsb-buttons\"><a class=\"mashicon-facebook mash-large mash-center mashsb-noshadow\" href=\"https:\/\/www.facebook.com\/sharer.php?u=https%3A%2F%2Fwww.zunoticia.com%2Fnoticias-de-hidalgo%2F2026%2F08%2F24%2Fproteccion-civil-estuvo-en-reunion-de-consejo-estatal-con-la-coordinadora-nacional%2F\" target=\"_top\" rel=\"nofollow\"><span class=\"icon\"><\/span><span class=\"text\">Share<\/span><\/a><a class=\"mashicon-twitter mash-large mash-center mashsb-noshadow\" href=\"https:\/\/twitter.com\/intent\/tweet?text=&amp;url=https:\/\/www.zunoticia.com\/noticias-de-hidalgo\/2026\/08\/24\/proteccion-civil-estuvo-en-reunion-de-consejo-estatal-con-la-coordinadora-nacional\/\" target=\"_top\" rel=\"nofollow\"><span class=\"icon\"><\/span><span class=\"text\">Tweet<\/span><\/a><div class=\"onoffswitch2 mash-large mashsb-noshadow\" style=\"display:none\"><\/div><\/div>\n            <\/div>\n                <div style=\"clear:both\"><\/div><div class=\"mashsb-toggle-container\"><\/div><\/aside>\n            <!-- Share buttons by mashshare.net - Version: 4.0.47-->\n<p class=\"wp-block-paragraph\"><em>Por Enedino Hern\u00e1ndez \/ Zunoticia<\/em><\/p>\n\n\n\n<p class=\"wp-block-paragraph\"><strong>Huejutla, Hgo.-<\/strong> El director de Protecci\u00f3n Civil Municipal de Huejutla, H\u00e9ctor Armando G\u00f3mez Hern\u00e1ndez, inform\u00f3 que, en d\u00edas pasados se llev\u00f3 a cabo en la ciudad de Pachuca la segunda sesi\u00f3n ordinaria del Consejo Estatal de Protecci\u00f3n Civil, en las nuevas instalaciones de la dependencia estatal.<\/p>\n\n\n\n<p class=\"wp-block-paragraph\">Destac\u00f3 que se cont\u00f3 con la presencia de la Coordinadora Nacional de Protecci\u00f3n Civil, m\u00e1xima autoridad en la materia en el pa\u00eds, quien llev\u00f3 un mensaje de la presidenta de la Rep\u00fablica, Claudia Sheinbaum, sobre los avances en protecci\u00f3n civil a nivel nacional y estatal.<\/p>\n\n\n\n<p class=\"wp-block-paragraph\">Se\u00f1al\u00f3 que durante la sesi\u00f3n se expusieron las mejoras logradas en la administraci\u00f3n del gobernador Julio Menchaca, con m\u00e1s equipamiento y mejores instalaciones en materia estatal, as\u00ed como las lecciones aprendidas tras la vaguada del a\u00f1o pasado que tom\u00f3 desprevenidos a varios municipios.<\/p>\n\n\n\n<p class=\"wp-block-paragraph\">&#8220;Se aprendi\u00f3 mucho de lo que pas\u00f3 el a\u00f1o pasado, que de alguna manera a muchos municipios los tom\u00f3 desprevenidos el tema de la vaguada, el tema de la reconstrucci\u00f3n y como ha sido el camino a la normalidad, que a\u00fan se est\u00e1 trabajando en eso&#8221;, expres\u00f3.<\/p>\n\n\n\n<p class=\"wp-block-paragraph\">Indic\u00f3 que actualmente se est\u00e1 invirtiendo recurso importante en esta materia, pero sobre todo, se est\u00e1 apostando a la prevenci\u00f3n, y se exhort\u00f3 a todos los municipios a trabajar en ese rubro.<\/p>\n\n\n\n<p class=\"wp-block-paragraph\">El director advirti\u00f3 que se avecina la \u00faltima parte del a\u00f1o con pron\u00f3stico de lluvias abundantes por la formaci\u00f3n de tormentas tropicales y huracanes, tanto en el Pac\u00edfico como en el Atl\u00e1ntico, que podr\u00edan traer lluvia consistente a la Huasteca.<\/p>\n\n\n\n<p class=\"wp-block-paragraph\">En ese sentido, inform\u00f3 que en Huejutla ya se trabaja en el desazolve del r\u00edo principal en coordinaci\u00f3n con el Gobierno del Estado, pero hizo un llamado especial a la poblaci\u00f3n a sumarse a las acciones preventivas.<\/p>\n\n\n\n<p class=\"wp-block-paragraph\">&#8220;Lo principal es trabajar de la mano con la poblaci\u00f3n porque es la mejor manera de invertirle al tema de la prevenci\u00f3n. Lo m\u00e1s importante y el llamado que nos hacen desde lo nacional para que podamos replicarlo en nuestros municipios es al tema de la limpieza, del cuidado de la basura&#8221;, subray\u00f3.<\/p>\n\n\n\n<p class=\"wp-block-paragraph\">Pidi\u00f3 a los vecinos apoyar con el desazolve de coladeras, limpiar alcantarillas, cunetas y barrer constantemente frente a sus domicilios, para evitar que la basura tapone el drenaje y provoque encharcamientos o inundaciones importantes.<\/p>\n\n\n\n<p class=\"wp-block-paragraph\">Puso como ejemplo lo que ocurre en la zona del mercado y otros puntos de la ciudad, donde la basura acumulada genera taponamientos que afectan a veh\u00edculos, peatones e incluso a animales.<\/p>\n\n\n\n<p class=\"wp-block-paragraph\">Finalmente, reiter\u00f3 que Protecci\u00f3n Civil Municipal se mantiene en alerta y en coordinaci\u00f3n permanente con el estado y la federaci\u00f3n ante la temporada de lluvias.<\/p>\n","protected":false},"excerpt":{"rendered":"<p>Por Enedino Hern\u00e1ndez \/ Zunoticia Huejutla, Hgo.- El director de Protecci\u00f3n Civil Municipal de Huejutla, H\u00e9ctor Armando G\u00f3mez Hern\u00e1ndez, inform\u00f3 que, en d\u00edas pasados se llev\u00f3 a cabo en la ciudad de Pachuca la segunda sesi\u00f3n ordinaria del Consejo Estatal de Protecci\u00f3n Civil, en las nuevas instalaciones de la dependencia estatal. Destac\u00f3 que se cont\u00f3&hellip; <a class=\"more-link\" href=\"https:\/\/www.zunoticia.com\/noticias-de-hidalgo\/2026\/08\/24\/proteccion-civil-estuvo-en-reunion-de-consejo-estatal-con-la-coordinadora-nacional\/\">Seguir leyendo <span class=\"screen-reader-text\">Protecci\u00f3n Civil estuvo en reuni\u00f3n de Consejo Estatal con la Coordinadora nacional<\/span><\/a><\/p>\n","protected":false},"author":20,"featured_media":646361,"comment_status":"open","ping_status":"open","sticky":false,"template":"","format":"standard","meta":{"rop_custom_images_group":[],"rop_custom_messages_group":[],"rop_publish_now":"initial","rop_publish_now_accounts":{"facebook_10159540855086992_322828327761733":""},"rop_publish_now_history":[],"rop_publish_now_status":"pending","footnotes":""},"categories":[181],"tags":[121],"class_list":["post-646360","post","type-post","status-publish","format-standard","has-post-thumbnail","hentry","category-huejutla","tag-huejutla","entry"],"_links":{"self":[{"href":"https:\/\/www.zunoticia.com\/noticias-de-hidalgo\/wp-json\/wp\/v2\/posts\/646360","targetHints":{"allow":["GET"]}}],"collection":[{"href":"https:\/\/www.zunoticia.com\/noticias-de-hidalgo\/wp-json\/wp\/v2\/posts"}],"about":[{"href":"https:\/\/www.zunoticia.com\/noticias-de-hidalgo\/wp-json\/wp\/v2\/types\/post"}],"author":[{"embeddable":true,"href":"https:\/\/www.zunoticia.com\/noticias-de-hidalgo\/wp-json\/wp\/v2\/users\/20"}],"replies":[{"embeddable":true,"href":"https:\/\/www.zunoticia.com\/noticias-de-hidalgo\/wp-json\/wp\/v2\/comments?post=646360"}],"version-history":[{"count":1,"href":"https:\/\/www.zunoticia.com\/noticias-de-hidalgo\/wp-json\/wp\/v2\/posts\/646360\/revisions"}],"predecessor-version":[{"id":646362,"href":"https:\/\/www.zunoticia.com\/noticias-de-hidalgo\/wp-json\/wp\/v2\/posts\/646360\/revisions\/646362"}],"wp:featuredmedia":[{"embeddable":true,"href":"https:\/\/www.zunoticia.com\/noticias-de-hidalgo\/wp-json\/wp\/v2\/media\/646361"}],"wp:attachment":[{"href":"https:\/\/www.zunoticia.com\/noticias-de-hidalgo\/wp-json\/wp\/v2\/media?parent=646360"}],"wp:term":[{"taxonomy":"category","embeddable":true,"href":"https:\/\/www.zunoticia.com\/noticias-de-hidalgo\/wp-json\/wp\/v2\/categories?post=646360"},{"taxonomy":"post_tag","embeddable":true,"href":"https:\/\/www.zunoticia.com\/noticias-de-hidalgo\/wp-json\/wp\/v2\/tags?post=646360"}],"curies":[{"name":"wp","href":"https:\/\/api.w.org\/{rel}","templated":true}]}}