{"id":646363,"date":"2026-08-24T12:56:00","date_gmt":"2026-08-24T18:56:00","guid":{"rendered":"https:\/\/www.zunoticia.com\/noticias-de-hidalgo\/?p=646363"},"modified":"2026-08-24T12:56:02","modified_gmt":"2026-08-24T18:56:02","slug":"inicia-jurisdiccion-sanitaria-04-la-segunda-semana-de-lucha-contra-el-dengue","status":"publish","type":"post","link":"https:\/\/www.zunoticia.com\/noticias-de-hidalgo\/2026\/08\/24\/inicia-jurisdiccion-sanitaria-04-la-segunda-semana-de-lucha-contra-el-dengue\/","title":{"rendered":"Inicia Jurisdicci\u00f3n Sanitaria 04 la Segunda Semana de Lucha contra el Dengue"},"content":{"rendered":"<aside class=\"mashsb-container mashsb-main mashsb-stretched\"><div class=\"mashsb-box\"><div class=\"mashsb-count mash-large\" style=\"&quot;\"><div class=\"counts mashsbcount\">0<\/div><span class=\"mashsb-sharetext\">SHARES<\/span><\/div><div class=\"mashsb-buttons\"><a class=\"mashicon-facebook mash-large mash-center mashsb-noshadow\" href=\"https:\/\/www.facebook.com\/sharer.php?u=https%3A%2F%2Fwww.zunoticia.com%2Fnoticias-de-hidalgo%2F2026%2F08%2F24%2Finicia-jurisdiccion-sanitaria-04-la-segunda-semana-de-lucha-contra-el-dengue%2F\" target=\"_top\" rel=\"nofollow\"><span class=\"icon\"><\/span><span class=\"text\">Share<\/span><\/a><a class=\"mashicon-twitter mash-large mash-center mashsb-noshadow\" href=\"https:\/\/twitter.com\/intent\/tweet?text=&amp;url=https:\/\/www.zunoticia.com\/noticias-de-hidalgo\/2026\/08\/24\/inicia-jurisdiccion-sanitaria-04-la-segunda-semana-de-lucha-contra-el-dengue\/\" target=\"_top\" rel=\"nofollow\"><span class=\"icon\"><\/span><span class=\"text\">Tweet<\/span><\/a><div class=\"onoffswitch2 mash-large mashsb-noshadow\" style=\"display:none\"><\/div><\/div>\n            <\/div>\n                <div style=\"clear:both\"><\/div><div class=\"mashsb-toggle-container\"><\/div><\/aside>\n            <!-- Share buttons by mashshare.net - Version: 4.0.47-->\n<p class=\"wp-block-paragraph\"><em>Por Enedino Hern\u00e1ndez \/ Zunoticia<\/em><\/p>\n\n\n\n<p class=\"wp-block-paragraph\"><strong>Huejutla, Hgo<\/strong>.- El jefe de la Jurisdicci\u00f3n Sanitaria 04 Huejutla, Jes\u00fas Rodr\u00edguez Ortega, inform\u00f3 que este d\u00eda inici\u00f3 la Segunda Semana de Lucha contra el Dengue, que se lleva a cabo del 24 al 28 de agosto en toda la regi\u00f3n Huasteca.<\/p>\n\n\n\n<p class=\"wp-block-paragraph\">Se\u00f1al\u00f3 que la Jurisdicci\u00f3n Sanitaria se suman a esta importante jornada nacional, fortaleciendo las acciones de prevenci\u00f3n, vigilancia y control del mosquito transmisor del dengue, zika y chikungunya.<\/p>\n\n\n\n<p class=\"wp-block-paragraph\">Detall\u00f3 que durante esta semana se intensificar\u00e1n las acciones de control larvario, termonebulizaci\u00f3n, nebulizaci\u00f3n espacial y promoci\u00f3n de la salud en colonias y comunidades, con \u00e9nfasis en las zonas de mayor riesgo.<\/p>\n\n\n\n<figure class=\"wp-block-image size-large\"><img fetchpriority=\"high\" decoding=\"async\" width=\"1024\" height=\"538\" src=\"https:\/\/www.zunoticia.com\/noticias-de-hidalgo\/wp-content\/uploads\/2026\/08\/Zunoticia.com_-260-1024x538.png\" alt=\"\" class=\"wp-image-646365\" srcset=\"https:\/\/www.zunoticia.com\/noticias-de-hidalgo\/wp-content\/uploads\/2026\/08\/Zunoticia.com_-260-1024x538.png 1024w, https:\/\/www.zunoticia.com\/noticias-de-hidalgo\/wp-content\/uploads\/2026\/08\/Zunoticia.com_-260-300x158.png 300w, https:\/\/www.zunoticia.com\/noticias-de-hidalgo\/wp-content\/uploads\/2026\/08\/Zunoticia.com_-260-768x403.png 768w, https:\/\/www.zunoticia.com\/noticias-de-hidalgo\/wp-content\/uploads\/2026\/08\/Zunoticia.com_-260.png 1200w\" sizes=\"(max-width: 1024px) 100vw, 1024px\" \/><\/figure>\n\n\n\n<p class=\"wp-block-paragraph\">El titular de la Jurisdicci\u00f3n 04 destac\u00f3 que la participaci\u00f3n de la comunidad es fundamental para lograr resultados efectivos, por lo que exhort\u00f3 a la poblaci\u00f3n a aplicar de manera permanente la estrategia \u201cLava, tapa, voltea y elimina\u201d, mantener patios, azoteas y solares libres de cacharros que acumulen agua y atender las recomendaciones del personal de salud y vectores.<\/p>\n\n\n\n<p class=\"wp-block-paragraph\">Subraya que \u201cla prevenci\u00f3n es tarea de todas y todos, trabajemos juntos para proteger a nuestras familias y comunidades\u201d.<\/p>\n\n\n\n<p class=\"wp-block-paragraph\">Finalmente, Jes\u00fas Rodr\u00edguez Ortega, llam\u00f3 a la poblaci\u00f3n a no automedicarse y acudir de inmediato a su Centro de Salud m\u00e1s cercano ante la presencia de s\u00edntomas como fiebre, dolor de cabeza, dolor muscular o sarpullido.<\/p>\n","protected":false},"excerpt":{"rendered":"<p>Por Enedino Hern\u00e1ndez \/ Zunoticia Huejutla, Hgo.- El jefe de la Jurisdicci\u00f3n Sanitaria 04 Huejutla, Jes\u00fas Rodr\u00edguez Ortega, inform\u00f3 que este d\u00eda inici\u00f3 la Segunda Semana de Lucha contra el Dengue, que se lleva a cabo del 24 al 28 de agosto en toda la regi\u00f3n Huasteca. Se\u00f1al\u00f3 que la Jurisdicci\u00f3n Sanitaria se suman a&hellip; <a class=\"more-link\" href=\"https:\/\/www.zunoticia.com\/noticias-de-hidalgo\/2026\/08\/24\/inicia-jurisdiccion-sanitaria-04-la-segunda-semana-de-lucha-contra-el-dengue\/\">Seguir leyendo <span class=\"screen-reader-text\">Inicia Jurisdicci\u00f3n Sanitaria 04 la Segunda Semana de Lucha contra el Dengue<\/span><\/a><\/p>\n","protected":false},"author":20,"featured_media":646364,"comment_status":"open","ping_status":"open","sticky":false,"template":"","format":"standard","meta":{"rop_custom_images_group":[],"rop_custom_messages_group":[],"rop_publish_now":"initial","rop_publish_now_accounts":{"facebook_10159540855086992_322828327761733":""},"rop_publish_now_history":[],"rop_publish_now_status":"pending","footnotes":""},"categories":[181],"tags":[121],"class_list":["post-646363","post","type-post","status-publish","format-standard","has-post-thumbnail","hentry","category-huejutla","tag-huejutla","entry"],"_links":{"self":[{"href":"https:\/\/www.zunoticia.com\/noticias-de-hidalgo\/wp-json\/wp\/v2\/posts\/646363","targetHints":{"allow":["GET"]}}],"collection":[{"href":"https:\/\/www.zunoticia.com\/noticias-de-hidalgo\/wp-json\/wp\/v2\/posts"}],"about":[{"href":"https:\/\/www.zunoticia.com\/noticias-de-hidalgo\/wp-json\/wp\/v2\/types\/post"}],"author":[{"embeddable":true,"href":"https:\/\/www.zunoticia.com\/noticias-de-hidalgo\/wp-json\/wp\/v2\/users\/20"}],"replies":[{"embeddable":true,"href":"https:\/\/www.zunoticia.com\/noticias-de-hidalgo\/wp-json\/wp\/v2\/comments?post=646363"}],"version-history":[{"count":1,"href":"https:\/\/www.zunoticia.com\/noticias-de-hidalgo\/wp-json\/wp\/v2\/posts\/646363\/revisions"}],"predecessor-version":[{"id":646366,"href":"https:\/\/www.zunoticia.com\/noticias-de-hidalgo\/wp-json\/wp\/v2\/posts\/646363\/revisions\/646366"}],"wp:featuredmedia":[{"embeddable":true,"href":"https:\/\/www.zunoticia.com\/noticias-de-hidalgo\/wp-json\/wp\/v2\/media\/646364"}],"wp:attachment":[{"href":"https:\/\/www.zunoticia.com\/noticias-de-hidalgo\/wp-json\/wp\/v2\/media?parent=646363"}],"wp:term":[{"taxonomy":"category","embeddable":true,"href":"https:\/\/www.zunoticia.com\/noticias-de-hidalgo\/wp-json\/wp\/v2\/categories?post=646363"},{"taxonomy":"post_tag","embeddable":true,"href":"https:\/\/www.zunoticia.com\/noticias-de-hidalgo\/wp-json\/wp\/v2\/tags?post=646363"}],"curies":[{"name":"wp","href":"https:\/\/api.w.org\/{rel}","templated":true}]}}