{"id":646379,"date":"2026-08-24T14:09:43","date_gmt":"2026-08-24T20:09:43","guid":{"rendered":"https:\/\/www.zunoticia.com\/noticias-de-hidalgo\/?p=646379"},"modified":"2026-08-24T14:09:44","modified_gmt":"2026-08-24T20:09:44","slug":"motociclista-herido-al-chocar-con-urvan-2","status":"publish","type":"post","link":"https:\/\/www.zunoticia.com\/noticias-de-hidalgo\/2026\/08\/24\/motociclista-herido-al-chocar-con-urvan-2\/","title":{"rendered":"Motociclista herido al chocar con Urvan"},"content":{"rendered":"<aside class=\"mashsb-container mashsb-main mashsb-stretched\"><div class=\"mashsb-box\"><div class=\"mashsb-count mash-large\" style=\"&quot;\"><div class=\"counts mashsbcount\">0<\/div><span class=\"mashsb-sharetext\">SHARES<\/span><\/div><div class=\"mashsb-buttons\"><a class=\"mashicon-facebook mash-large mash-center mashsb-noshadow\" href=\"https:\/\/www.facebook.com\/sharer.php?u=https%3A%2F%2Fwww.zunoticia.com%2Fnoticias-de-hidalgo%2F2026%2F08%2F24%2Fmotociclista-herido-al-chocar-con-urvan-2%2F\" target=\"_top\" rel=\"nofollow\"><span class=\"icon\"><\/span><span class=\"text\">Share<\/span><\/a><a class=\"mashicon-twitter mash-large mash-center mashsb-noshadow\" href=\"https:\/\/twitter.com\/intent\/tweet?text=&amp;url=https:\/\/www.zunoticia.com\/noticias-de-hidalgo\/2026\/08\/24\/motociclista-herido-al-chocar-con-urvan-2\/\" target=\"_top\" rel=\"nofollow\"><span class=\"icon\"><\/span><span class=\"text\">Tweet<\/span><\/a><div class=\"onoffswitch2 mash-large mashsb-noshadow\" style=\"display:none\"><\/div><\/div>\n            <\/div>\n                <div style=\"clear:both\"><\/div><div class=\"mashsb-toggle-container\"><\/div><\/aside>\n            <!-- Share buttons by mashshare.net - Version: 4.0.47-->\n<p class=\"wp-block-paragraph\"><em>Por Roberto Meza Ram\u00edrez\/Zunoticia<\/em><\/p>\n\n\n\n<p class=\"wp-block-paragraph\"><strong>San Agust\u00edn Metzquititl\u00e1n, Hgo<\/strong>. &#8211; Un motociclista sufri\u00f3 diversas lesiones, en un aparatoso choque con una Urvan pasajera, que se registr\u00f3 sobre la carretera federal Huejutla -Pachuca; el herido fue auxiliado por automovilistas y m\u00e1s tarde atendido por servicios de emergencias, siendo llevado a un hospital.<\/p>\n\n\n\n<p class=\"wp-block-paragraph\">El percance ocurri\u00f3 por el exceso de velocidad, en donde el motorista presuntamente al perder control, choc\u00f3 con un veh\u00edculo del servicio de transporte p\u00fablico, quedando tirado en la cinta asf\u00e1ltica; al considerar que su integridad estaba en riesgo solicitaron la presencia de param\u00e9dicos, quienes lo auxiliaron.<\/p>\n\n\n\n<p class=\"wp-block-paragraph\">El motociclista termin\u00f3 estrellado con la pasajera, quedando tendido y con lesiones de consideraci\u00f3n.<\/p>\n\n\n\n<p class=\"wp-block-paragraph\">Autoridades polic\u00edacas tomaron conocimiento de los hechos, as\u00ed mismo, brindaron vialidad en la zona del accidente. Los veh\u00edculos involucrados en este accidente fueron remolcados al corral\u00f3n por las autoridades como parte del deslinde de responsabilidades.<\/p>\n\n\n\n<p class=\"wp-block-paragraph\"><\/p>\n","protected":false},"excerpt":{"rendered":"<p>Por Roberto Meza Ram\u00edrez\/Zunoticia San Agust\u00edn Metzquititl\u00e1n, Hgo. &#8211; Un motociclista sufri\u00f3 diversas lesiones, en un aparatoso choque con una Urvan pasajera, que se registr\u00f3 sobre la carretera federal Huejutla -Pachuca; el herido fue auxiliado por automovilistas y m\u00e1s tarde atendido por servicios de emergencias, siendo llevado a un hospital. El percance ocurri\u00f3 por el&hellip; <a class=\"more-link\" href=\"https:\/\/www.zunoticia.com\/noticias-de-hidalgo\/2026\/08\/24\/motociclista-herido-al-chocar-con-urvan-2\/\">Seguir leyendo <span class=\"screen-reader-text\">Motociclista herido al chocar con Urvan<\/span><\/a><\/p>\n","protected":false},"author":20,"featured_media":646380,"comment_status":"open","ping_status":"open","sticky":false,"template":"","format":"standard","meta":{"rop_custom_images_group":[],"rop_custom_messages_group":[],"rop_publish_now":"initial","rop_publish_now_accounts":{"facebook_10159540855086992_322828327761733":""},"rop_publish_now_history":[],"rop_publish_now_status":"pending","footnotes":""},"categories":[178],"tags":[259],"class_list":["post-646379","post","type-post","status-publish","format-standard","has-post-thumbnail","hentry","category-policiaca","tag-policiaca","entry"],"_links":{"self":[{"href":"https:\/\/www.zunoticia.com\/noticias-de-hidalgo\/wp-json\/wp\/v2\/posts\/646379","targetHints":{"allow":["GET"]}}],"collection":[{"href":"https:\/\/www.zunoticia.com\/noticias-de-hidalgo\/wp-json\/wp\/v2\/posts"}],"about":[{"href":"https:\/\/www.zunoticia.com\/noticias-de-hidalgo\/wp-json\/wp\/v2\/types\/post"}],"author":[{"embeddable":true,"href":"https:\/\/www.zunoticia.com\/noticias-de-hidalgo\/wp-json\/wp\/v2\/users\/20"}],"replies":[{"embeddable":true,"href":"https:\/\/www.zunoticia.com\/noticias-de-hidalgo\/wp-json\/wp\/v2\/comments?post=646379"}],"version-history":[{"count":1,"href":"https:\/\/www.zunoticia.com\/noticias-de-hidalgo\/wp-json\/wp\/v2\/posts\/646379\/revisions"}],"predecessor-version":[{"id":646381,"href":"https:\/\/www.zunoticia.com\/noticias-de-hidalgo\/wp-json\/wp\/v2\/posts\/646379\/revisions\/646381"}],"wp:featuredmedia":[{"embeddable":true,"href":"https:\/\/www.zunoticia.com\/noticias-de-hidalgo\/wp-json\/wp\/v2\/media\/646380"}],"wp:attachment":[{"href":"https:\/\/www.zunoticia.com\/noticias-de-hidalgo\/wp-json\/wp\/v2\/media?parent=646379"}],"wp:term":[{"taxonomy":"category","embeddable":true,"href":"https:\/\/www.zunoticia.com\/noticias-de-hidalgo\/wp-json\/wp\/v2\/categories?post=646379"},{"taxonomy":"post_tag","embeddable":true,"href":"https:\/\/www.zunoticia.com\/noticias-de-hidalgo\/wp-json\/wp\/v2\/tags?post=646379"}],"curies":[{"name":"wp","href":"https:\/\/api.w.org\/{rel}","templated":true}]}}