{"id":646382,"date":"2026-08-24T14:23:01","date_gmt":"2026-08-24T20:23:01","guid":{"rendered":"https:\/\/www.zunoticia.com\/noticias-de-hidalgo\/?p=646382"},"modified":"2026-08-24T14:23:02","modified_gmt":"2026-08-24T20:23:02","slug":"secundaria-2-inicio-proceso-de-inscripciones","status":"publish","type":"post","link":"https:\/\/www.zunoticia.com\/noticias-de-hidalgo\/2026\/08\/24\/secundaria-2-inicio-proceso-de-inscripciones\/","title":{"rendered":"Secundaria 2 inici\u00f3 proceso de inscripciones"},"content":{"rendered":"<aside class=\"mashsb-container mashsb-main mashsb-stretched\"><div class=\"mashsb-box\"><div class=\"mashsb-count mash-large\" style=\"&quot;\"><div class=\"counts mashsbcount\">0<\/div><span class=\"mashsb-sharetext\">SHARES<\/span><\/div><div class=\"mashsb-buttons\"><a class=\"mashicon-facebook mash-large mash-center mashsb-noshadow\" href=\"https:\/\/www.facebook.com\/sharer.php?u=https%3A%2F%2Fwww.zunoticia.com%2Fnoticias-de-hidalgo%2F2026%2F08%2F24%2Fsecundaria-2-inicio-proceso-de-inscripciones%2F\" target=\"_top\" rel=\"nofollow\"><span class=\"icon\"><\/span><span class=\"text\">Share<\/span><\/a><a class=\"mashicon-twitter mash-large mash-center mashsb-noshadow\" href=\"https:\/\/twitter.com\/intent\/tweet?text=&amp;url=https:\/\/www.zunoticia.com\/noticias-de-hidalgo\/2026\/08\/24\/secundaria-2-inicio-proceso-de-inscripciones\/\" target=\"_top\" rel=\"nofollow\"><span class=\"icon\"><\/span><span class=\"text\">Tweet<\/span><\/a><div class=\"onoffswitch2 mash-large mashsb-noshadow\" style=\"display:none\"><\/div><\/div>\n            <\/div>\n                <div style=\"clear:both\"><\/div><div class=\"mashsb-toggle-container\"><\/div><\/aside>\n            <!-- Share buttons by mashshare.net - Version: 4.0.47-->\n<p class=\"wp-block-paragraph\"><em>Por Gabriela Hern\u00e1ndez\/Zunoticia<\/em><\/p>\n\n\n\n<p class=\"wp-block-paragraph\"><strong>Huejutla, Hgo<\/strong>.-Tal y como lo hab\u00eda informado la direcci\u00f3n escolar,&nbsp; durante esta semana, la Escuela Secundaria N\u00famero 2, ubicada en la colonia Barrio arriba, dio comienzo con el proceso de inscripciones para el ciclo escolar 2026-2027.<\/p>\n\n\n\n<p class=\"wp-block-paragraph\">Durante la ma\u00f1ana de este lunes 24 de agosto, padres de familia y tutores de menores de edad, arribaron a las instalaciones, para realizar el tr\u00e1mite de inscripci\u00f3n para los estudiantes de primer grado.<\/p>\n\n\n\n<p class=\"wp-block-paragraph\">Este proceso se llevar\u00e1 a cabo durante la presente semana, el d\u00eda martes 25 de agosto para estudiantes de segundo grado y el d\u00eda mi\u00e9rcoles 26, para estudiantes de tercer grado, brindando atenci\u00f3n de 8:00 A.M. a las 13:00 horas para el turno matutino y de 11:00 a 16:00 horas para el turno vespertino.<\/p>\n\n\n\n<p class=\"wp-block-paragraph\">El director, Jorge Arturo Rocha, exhort\u00f3 a los padres de familia a realizar en tiempo y forma su proceso de inscripci\u00f3n para el pr\u00f3ximo curso, cumpliendo con toda la documentaci\u00f3n requerida, con el objetivo de garantizar un inicio de clases ordenado y una atenci\u00f3n eficiente.<\/p>\n\n\n\n<p class=\"wp-block-paragraph\">Finalmente, la direcci\u00f3n escolar record\u00f3 que el inicio del ciclo escolar se llevar\u00e1 a cabo el 31 de agosto de 2026; Mientras que el fin del ciclo lectivo ser\u00e1 el 9 de julio de 2027.<\/p>\n\n\n\n<figure class=\"wp-block-image size-large\"><img fetchpriority=\"high\" decoding=\"async\" width=\"1024\" height=\"538\" src=\"https:\/\/www.zunoticia.com\/noticias-de-hidalgo\/wp-content\/uploads\/2026\/08\/Zunoticia.com_-261-1024x538.png\" alt=\"\" class=\"wp-image-646384\" srcset=\"https:\/\/www.zunoticia.com\/noticias-de-hidalgo\/wp-content\/uploads\/2026\/08\/Zunoticia.com_-261-1024x538.png 1024w, https:\/\/www.zunoticia.com\/noticias-de-hidalgo\/wp-content\/uploads\/2026\/08\/Zunoticia.com_-261-300x158.png 300w, https:\/\/www.zunoticia.com\/noticias-de-hidalgo\/wp-content\/uploads\/2026\/08\/Zunoticia.com_-261-768x403.png 768w, https:\/\/www.zunoticia.com\/noticias-de-hidalgo\/wp-content\/uploads\/2026\/08\/Zunoticia.com_-261.png 1200w\" sizes=\"(max-width: 1024px) 100vw, 1024px\" \/><\/figure>\n","protected":false},"excerpt":{"rendered":"<p>Por Gabriela Hern\u00e1ndez\/Zunoticia Huejutla, Hgo.-Tal y como lo hab\u00eda informado la direcci\u00f3n escolar,&nbsp; durante esta semana, la Escuela Secundaria N\u00famero 2, ubicada en la colonia Barrio arriba, dio comienzo con el proceso de inscripciones para el ciclo escolar 2026-2027. Durante la ma\u00f1ana de este lunes 24 de agosto, padres de familia y tutores de menores&hellip; <a class=\"more-link\" href=\"https:\/\/www.zunoticia.com\/noticias-de-hidalgo\/2026\/08\/24\/secundaria-2-inicio-proceso-de-inscripciones\/\">Seguir leyendo <span class=\"screen-reader-text\">Secundaria 2 inici\u00f3 proceso de inscripciones<\/span><\/a><\/p>\n","protected":false},"author":20,"featured_media":646383,"comment_status":"open","ping_status":"open","sticky":false,"template":"","format":"standard","meta":{"rop_custom_images_group":[],"rop_custom_messages_group":[],"rop_publish_now":"initial","rop_publish_now_accounts":{"facebook_10159540855086992_322828327761733":""},"rop_publish_now_history":[],"rop_publish_now_status":"pending","footnotes":""},"categories":[181],"tags":[121],"class_list":["post-646382","post","type-post","status-publish","format-standard","has-post-thumbnail","hentry","category-huejutla","tag-huejutla","entry"],"_links":{"self":[{"href":"https:\/\/www.zunoticia.com\/noticias-de-hidalgo\/wp-json\/wp\/v2\/posts\/646382","targetHints":{"allow":["GET"]}}],"collection":[{"href":"https:\/\/www.zunoticia.com\/noticias-de-hidalgo\/wp-json\/wp\/v2\/posts"}],"about":[{"href":"https:\/\/www.zunoticia.com\/noticias-de-hidalgo\/wp-json\/wp\/v2\/types\/post"}],"author":[{"embeddable":true,"href":"https:\/\/www.zunoticia.com\/noticias-de-hidalgo\/wp-json\/wp\/v2\/users\/20"}],"replies":[{"embeddable":true,"href":"https:\/\/www.zunoticia.com\/noticias-de-hidalgo\/wp-json\/wp\/v2\/comments?post=646382"}],"version-history":[{"count":1,"href":"https:\/\/www.zunoticia.com\/noticias-de-hidalgo\/wp-json\/wp\/v2\/posts\/646382\/revisions"}],"predecessor-version":[{"id":646385,"href":"https:\/\/www.zunoticia.com\/noticias-de-hidalgo\/wp-json\/wp\/v2\/posts\/646382\/revisions\/646385"}],"wp:featuredmedia":[{"embeddable":true,"href":"https:\/\/www.zunoticia.com\/noticias-de-hidalgo\/wp-json\/wp\/v2\/media\/646383"}],"wp:attachment":[{"href":"https:\/\/www.zunoticia.com\/noticias-de-hidalgo\/wp-json\/wp\/v2\/media?parent=646382"}],"wp:term":[{"taxonomy":"category","embeddable":true,"href":"https:\/\/www.zunoticia.com\/noticias-de-hidalgo\/wp-json\/wp\/v2\/categories?post=646382"},{"taxonomy":"post_tag","embeddable":true,"href":"https:\/\/www.zunoticia.com\/noticias-de-hidalgo\/wp-json\/wp\/v2\/tags?post=646382"}],"curies":[{"name":"wp","href":"https:\/\/api.w.org\/{rel}","templated":true}]}}