{"id":646389,"date":"2026-08-24T16:18:23","date_gmt":"2026-08-24T22:18:23","guid":{"rendered":"https:\/\/www.zunoticia.com\/noticias-de-hidalgo\/?p=646389"},"modified":"2026-08-24T16:18:24","modified_gmt":"2026-08-24T22:18:24","slug":"casa-de-la-nina-del-dif-hidalgo-conmemora-22-anos-de-acompanamiento-y-construccion-de-nuevos-suenos","status":"publish","type":"post","link":"https:\/\/www.zunoticia.com\/noticias-de-hidalgo\/2026\/08\/24\/casa-de-la-nina-del-dif-hidalgo-conmemora-22-anos-de-acompanamiento-y-construccion-de-nuevos-suenos\/","title":{"rendered":"Casa de la Ni\u00f1a del DIF Hidalgo conmemora 22 a\u00f1os de acompa\u00f1amiento y construcci\u00f3n de nuevos sue\u00f1os"},"content":{"rendered":"<aside class=\"mashsb-container mashsb-main mashsb-stretched\"><div class=\"mashsb-box\"><div class=\"mashsb-count mash-large\" style=\"&quot;\"><div class=\"counts mashsbcount\">0<\/div><span class=\"mashsb-sharetext\">SHARES<\/span><\/div><div class=\"mashsb-buttons\"><a class=\"mashicon-facebook mash-large mash-center mashsb-noshadow\" href=\"https:\/\/www.facebook.com\/sharer.php?u=https%3A%2F%2Fwww.zunoticia.com%2Fnoticias-de-hidalgo%2F2026%2F08%2F24%2Fcasa-de-la-nina-del-dif-hidalgo-conmemora-22-anos-de-acompanamiento-y-construccion-de-nuevos-suenos%2F\" target=\"_top\" rel=\"nofollow\"><span class=\"icon\"><\/span><span class=\"text\">Share<\/span><\/a><a class=\"mashicon-twitter mash-large mash-center mashsb-noshadow\" href=\"https:\/\/twitter.com\/intent\/tweet?text=&amp;url=https:\/\/www.zunoticia.com\/noticias-de-hidalgo\/2026\/08\/24\/casa-de-la-nina-del-dif-hidalgo-conmemora-22-anos-de-acompanamiento-y-construccion-de-nuevos-suenos\/\" target=\"_top\" rel=\"nofollow\"><span class=\"icon\"><\/span><span class=\"text\">Tweet<\/span><\/a><div class=\"onoffswitch2 mash-large mashsb-noshadow\" style=\"display:none\"><\/div><\/div>\n            <\/div>\n                <div style=\"clear:both\"><\/div><div class=\"mashsb-toggle-container\"><\/div><\/aside>\n            <!-- Share buttons by mashshare.net - Version: 4.0.47-->\n<ul class=\"wp-block-list\">\n<li>Cinco ni\u00f1as de Casa Cuna se integraron a este centro de asistencia social, mientras que cinco m\u00e1s avanzaron a Casa de la Adolescente y Transici\u00f3n<\/li>\n<\/ul>\n\n\n\n<p class=\"wp-block-paragraph\"><em>Por Redacci\u00f3n\/Zunoticia<\/em><\/p>\n\n\n\n<p class=\"wp-block-paragraph\"><strong>Pachuca de Soto, Hgo<\/strong>.- El Sistema DIF Hidalgo conmemor\u00f3 el 22 aniversario de Casa de la Ni\u00f1a, espacio que durante m\u00e1s de dos d\u00e9cadas ha brindado protecci\u00f3n, atenci\u00f3n integral y acompa\u00f1amiento, con el prop\u00f3sito de fortalecer las capacidades de las menores y proporcionarles herramientas para construir un futuro con mayores oportunidades.<\/p>\n\n\n\n<p class=\"wp-block-paragraph\">Edda Vite Ramos, presidenta del Patronato del Sistema DIF Hidalgo, subray\u00f3 que uno de los principales retos es ayudar a las ni\u00f1as a superar sus miedos, fortalecer su confianza y descubrir sus propias capacidades.&nbsp;<\/p>\n\n\n\n<p class=\"wp-block-paragraph\">Destac\u00f3 que el personal desempe\u00f1a un papel fundamental, no s\u00f3lo en su cuidado, sino tambi\u00e9n al escucharlas, guiarlas, fomentar el amor propio e inculcar valores que les permitan enfrentar los desaf\u00edos de la vida, inter\u00e9s que comparte el gobernador Julio Menchaca Salazar.<\/p>\n\n\n\n<p class=\"wp-block-paragraph\">\u201cSuperar nuestros miedos es de las cosas m\u00e1s importantes. Queremos que sepan que pueden lograr grandes cosas y que esta es su casa. El lugar donde hoy est\u00e1n no define hasta d\u00f3nde pueden llegar\u201d, expres\u00f3.<\/p>\n\n\n\n<p class=\"wp-block-paragraph\">Vite Ramos record\u00f3 que tuvo la oportunidad de conocer de cerca el proceso de conformaci\u00f3n de Casa de la Ni\u00f1a desde sus inicios, cuando form\u00f3 parte del voluntariado de Mar\u00eda Elena Sa\u00f1udo de N\u00fa\u00f1ez, y destac\u00f3 la transformaci\u00f3n que ha experimentado este espacio durante la actual administraci\u00f3n estatal.<\/p>\n\n\n\n<figure class=\"wp-block-image size-large\"><img fetchpriority=\"high\" decoding=\"async\" width=\"1024\" height=\"538\" src=\"https:\/\/www.zunoticia.com\/noticias-de-hidalgo\/wp-content\/uploads\/2026\/08\/Zunoticia.com_-263-1024x538.png\" alt=\"\" class=\"wp-image-646391\" srcset=\"https:\/\/www.zunoticia.com\/noticias-de-hidalgo\/wp-content\/uploads\/2026\/08\/Zunoticia.com_-263-1024x538.png 1024w, https:\/\/www.zunoticia.com\/noticias-de-hidalgo\/wp-content\/uploads\/2026\/08\/Zunoticia.com_-263-300x158.png 300w, https:\/\/www.zunoticia.com\/noticias-de-hidalgo\/wp-content\/uploads\/2026\/08\/Zunoticia.com_-263-768x403.png 768w, https:\/\/www.zunoticia.com\/noticias-de-hidalgo\/wp-content\/uploads\/2026\/08\/Zunoticia.com_-263.png 1200w\" sizes=\"(max-width: 1024px) 100vw, 1024px\" \/><\/figure>\n\n\n\n<p class=\"wp-block-paragraph\">Como parte de este proceso de crecimiento y transici\u00f3n, cinco ni\u00f1as de siete a\u00f1os provenientes de Casa Cuna se incorporaron a Casa de la Ni\u00f1a, con lo que la poblaci\u00f3n lleg\u00f3 a 25.&nbsp;<\/p>\n\n\n\n<p class=\"wp-block-paragraph\">A su vez, cinco adolescentes de 13 a\u00f1os realizaron su transici\u00f3n a Casa de la Adolescente y Transici\u00f3n, de acuerdo con las distintas etapas de desarrollo y como parte del acompa\u00f1amiento que brinda el Sistema DIF Hidalgo.<\/p>\n\n\n\n<p class=\"wp-block-paragraph\">El aniversario tambi\u00e9n permiti\u00f3 reconocer el trabajo cotidiano del personal de Casa de la Ni\u00f1a, as\u00ed como de quienes coordinan los distintos centros de asistencia social del Sistema DIF Hidalgo, por su compromiso con la protecci\u00f3n y el desarrollo integral de ni\u00f1as, ni\u00f1os y adolescentes.<\/p>\n\n\n\n<p class=\"wp-block-paragraph\">Durante el evento se llevaron a cabo diversas presentaciones art\u00edsticas. En la celebraci\u00f3n estuvieron presentes Mario \u00c1ngeles S\u00e1nchez, director de Protecci\u00f3n a la Ni\u00f1ez y Adolescencia de la instituci\u00f3n; Janeth Henkel Escorza, coordinadora de Casa de la Ni\u00f1a, as\u00ed como personal que diariamente contribuye al bienestar y crecimiento de las ni\u00f1as.<\/p>\n","protected":false},"excerpt":{"rendered":"<p>Por Redacci\u00f3n\/Zunoticia Pachuca de Soto, Hgo.- El Sistema DIF Hidalgo conmemor\u00f3 el 22 aniversario de Casa de la Ni\u00f1a, espacio que durante m\u00e1s de dos d\u00e9cadas ha brindado protecci\u00f3n, atenci\u00f3n integral y acompa\u00f1amiento, con el prop\u00f3sito de fortalecer las capacidades de las menores y proporcionarles herramientas para construir un futuro con mayores oportunidades. Edda Vite&hellip; <a class=\"more-link\" href=\"https:\/\/www.zunoticia.com\/noticias-de-hidalgo\/2026\/08\/24\/casa-de-la-nina-del-dif-hidalgo-conmemora-22-anos-de-acompanamiento-y-construccion-de-nuevos-suenos\/\">Seguir leyendo <span class=\"screen-reader-text\">Casa de la Ni\u00f1a del DIF Hidalgo conmemora 22 a\u00f1os de acompa\u00f1amiento y construcci\u00f3n de nuevos sue\u00f1os<\/span><\/a><\/p>\n","protected":false},"author":20,"featured_media":646390,"comment_status":"open","ping_status":"open","sticky":false,"template":"","format":"standard","meta":{"rop_custom_images_group":[],"rop_custom_messages_group":[],"rop_publish_now":"initial","rop_publish_now_accounts":{"facebook_10159540855086992_322828327761733":""},"rop_publish_now_history":[],"rop_publish_now_status":"pending","footnotes":""},"categories":[208],"tags":[214],"class_list":["post-646389","post","type-post","status-publish","format-standard","has-post-thumbnail","hentry","category-estado","tag-estado","entry"],"_links":{"self":[{"href":"https:\/\/www.zunoticia.com\/noticias-de-hidalgo\/wp-json\/wp\/v2\/posts\/646389","targetHints":{"allow":["GET"]}}],"collection":[{"href":"https:\/\/www.zunoticia.com\/noticias-de-hidalgo\/wp-json\/wp\/v2\/posts"}],"about":[{"href":"https:\/\/www.zunoticia.com\/noticias-de-hidalgo\/wp-json\/wp\/v2\/types\/post"}],"author":[{"embeddable":true,"href":"https:\/\/www.zunoticia.com\/noticias-de-hidalgo\/wp-json\/wp\/v2\/users\/20"}],"replies":[{"embeddable":true,"href":"https:\/\/www.zunoticia.com\/noticias-de-hidalgo\/wp-json\/wp\/v2\/comments?post=646389"}],"version-history":[{"count":1,"href":"https:\/\/www.zunoticia.com\/noticias-de-hidalgo\/wp-json\/wp\/v2\/posts\/646389\/revisions"}],"predecessor-version":[{"id":646392,"href":"https:\/\/www.zunoticia.com\/noticias-de-hidalgo\/wp-json\/wp\/v2\/posts\/646389\/revisions\/646392"}],"wp:featuredmedia":[{"embeddable":true,"href":"https:\/\/www.zunoticia.com\/noticias-de-hidalgo\/wp-json\/wp\/v2\/media\/646390"}],"wp:attachment":[{"href":"https:\/\/www.zunoticia.com\/noticias-de-hidalgo\/wp-json\/wp\/v2\/media?parent=646389"}],"wp:term":[{"taxonomy":"category","embeddable":true,"href":"https:\/\/www.zunoticia.com\/noticias-de-hidalgo\/wp-json\/wp\/v2\/categories?post=646389"},{"taxonomy":"post_tag","embeddable":true,"href":"https:\/\/www.zunoticia.com\/noticias-de-hidalgo\/wp-json\/wp\/v2\/tags?post=646389"}],"curies":[{"name":"wp","href":"https:\/\/api.w.org\/{rel}","templated":true}]}}