{"id":646400,"date":"2026-08-24T16:34:21","date_gmt":"2026-08-24T22:34:21","guid":{"rendered":"https:\/\/www.zunoticia.com\/noticias-de-hidalgo\/?p=646400"},"modified":"2026-08-24T16:34:22","modified_gmt":"2026-08-24T22:34:22","slug":"concluyen-jornadas-de-capacitacion-para-concesionarios-del-transporte-publico-en-la-sierra-y-huasteca","status":"publish","type":"post","link":"https:\/\/www.zunoticia.com\/noticias-de-hidalgo\/2026\/08\/24\/concluyen-jornadas-de-capacitacion-para-concesionarios-del-transporte-publico-en-la-sierra-y-huasteca\/","title":{"rendered":"Concluyen jornadas de capacitaci\u00f3n para concesionarios del transporte p\u00fablico en la Sierra y Huasteca"},"content":{"rendered":"<aside class=\"mashsb-container mashsb-main mashsb-stretched\"><div class=\"mashsb-box\"><div class=\"mashsb-count mash-large\" style=\"&quot;\"><div class=\"counts mashsbcount\">0<\/div><span class=\"mashsb-sharetext\">SHARES<\/span><\/div><div class=\"mashsb-buttons\"><a class=\"mashicon-facebook mash-large mash-center mashsb-noshadow\" href=\"https:\/\/www.facebook.com\/sharer.php?u=https%3A%2F%2Fwww.zunoticia.com%2Fnoticias-de-hidalgo%2F2026%2F08%2F24%2Fconcluyen-jornadas-de-capacitacion-para-concesionarios-del-transporte-publico-en-la-sierra-y-huasteca%2F\" target=\"_top\" rel=\"nofollow\"><span class=\"icon\"><\/span><span class=\"text\">Share<\/span><\/a><a class=\"mashicon-twitter mash-large mash-center mashsb-noshadow\" href=\"https:\/\/twitter.com\/intent\/tweet?text=&amp;url=https:\/\/www.zunoticia.com\/noticias-de-hidalgo\/2026\/08\/24\/concluyen-jornadas-de-capacitacion-para-concesionarios-del-transporte-publico-en-la-sierra-y-huasteca\/\" target=\"_top\" rel=\"nofollow\"><span class=\"icon\"><\/span><span class=\"text\">Tweet<\/span><\/a><div class=\"onoffswitch2 mash-large mashsb-noshadow\" style=\"display:none\"><\/div><\/div>\n            <\/div>\n                <div style=\"clear:both\"><\/div><div class=\"mashsb-toggle-container\"><\/div><\/aside>\n            <!-- Share buttons by mashshare.net - Version: 4.0.47-->\n<p class=\"wp-block-paragraph\"><em>Por Enedino Hern\u00e1ndez \/ Zunoticia<\/em><\/p>\n\n\n\n<p class=\"wp-block-paragraph\"><strong>Huejutla, Hgo<\/strong>.- Durante este fin de semana concluyeron las jornadas del Curso de Capacitaci\u00f3n para Personas Concesionarias del Transporte P\u00fablico en la Sierra y Huasteca de Hidalgo, teniendo en esta ocasi\u00f3n como sede el municipio de Calnali.<\/p>\n\n\n\n<p class=\"wp-block-paragraph\">El coordinador regional del Transporte en la Sierra y Huasteca, Omar L\u00f3pez Fern\u00e1ndez, inform\u00f3 que en esta \u00faltima jornada participaron personas prestadoras del servicio de los municipios de Calnali, Tlanchinol, Lolotla, Molango de Escamilla y Huejutla de Reyes.<\/p>\n\n\n\n<p class=\"wp-block-paragraph\">Destac\u00f3 que el personal de la Secretar\u00eda de Movilidad y Transporte (Semot) y del Sistema de Transporte Convencional de Hidalgo (STCH) sum\u00f3 esfuerzos con el sector transportista para fortalecer sus conocimientos y brindar asesor\u00eda directa en materia de tr\u00e1mites y procedimientos.<\/p>\n\n\n\n<p class=\"wp-block-paragraph\">Explic\u00f3 que el curso tuvo como objetivo reforzar los conocimientos de las personas concesionarias sobre el marco normativo vigente, adem\u00e1s de proporcionar orientaci\u00f3n relacionada con los tr\u00e1mites que se realizan ante el Sistema de Transporte Convencional de Hidalgo.<\/p>\n\n\n\n<p class=\"wp-block-paragraph\">Omar L\u00f3pez Fern\u00e1ndez, subray\u00f3 que para la Semot es fundamental que quienes integran el sector transporte cuenten con las herramientas necesarias para ofrecer un servicio digno y adecuado a la poblaci\u00f3n usuaria.<\/p>\n\n\n\n<p class=\"wp-block-paragraph\">Asimismo, se\u00f1al\u00f3 que dentro de estas acciones tambi\u00e9n se impulsa la adhesi\u00f3n al Pacto en Contra de la Violencia de G\u00e9nero, con el prop\u00f3sito de sumar esfuerzos para construir espacios seguros, respetuosos y libres de violencia para las mujeres y ni\u00f1as que utilizan el transporte p\u00fablico.<\/p>\n\n\n\n<p class=\"wp-block-paragraph\">Con estas jornadas, las autoridades estatales buscan fortalecer la capacitaci\u00f3n del sector y promover una prestaci\u00f3n del servicio de transporte p\u00fablico basada en la legalidad, el respeto y la atenci\u00f3n adecuada a las personas usuarias.<\/p>\n","protected":false},"excerpt":{"rendered":"<p>Por Enedino Hern\u00e1ndez \/ Zunoticia Huejutla, Hgo.- Durante este fin de semana concluyeron las jornadas del Curso de Capacitaci\u00f3n para Personas Concesionarias del Transporte P\u00fablico en la Sierra y Huasteca de Hidalgo, teniendo en esta ocasi\u00f3n como sede el municipio de Calnali. El coordinador regional del Transporte en la Sierra y Huasteca, Omar L\u00f3pez Fern\u00e1ndez,&hellip; <a class=\"more-link\" href=\"https:\/\/www.zunoticia.com\/noticias-de-hidalgo\/2026\/08\/24\/concluyen-jornadas-de-capacitacion-para-concesionarios-del-transporte-publico-en-la-sierra-y-huasteca\/\">Seguir leyendo <span class=\"screen-reader-text\">Concluyen jornadas de capacitaci\u00f3n para concesionarios del transporte p\u00fablico en la Sierra y Huasteca<\/span><\/a><\/p>\n","protected":false},"author":20,"featured_media":646401,"comment_status":"open","ping_status":"open","sticky":false,"template":"","format":"standard","meta":{"rop_custom_images_group":[],"rop_custom_messages_group":[],"rop_publish_now":"initial","rop_publish_now_accounts":{"facebook_10159540855086992_322828327761733":""},"rop_publish_now_history":[],"rop_publish_now_status":"pending","footnotes":""},"categories":[181],"tags":[121],"class_list":["post-646400","post","type-post","status-publish","format-standard","has-post-thumbnail","hentry","category-huejutla","tag-huejutla","entry"],"_links":{"self":[{"href":"https:\/\/www.zunoticia.com\/noticias-de-hidalgo\/wp-json\/wp\/v2\/posts\/646400","targetHints":{"allow":["GET"]}}],"collection":[{"href":"https:\/\/www.zunoticia.com\/noticias-de-hidalgo\/wp-json\/wp\/v2\/posts"}],"about":[{"href":"https:\/\/www.zunoticia.com\/noticias-de-hidalgo\/wp-json\/wp\/v2\/types\/post"}],"author":[{"embeddable":true,"href":"https:\/\/www.zunoticia.com\/noticias-de-hidalgo\/wp-json\/wp\/v2\/users\/20"}],"replies":[{"embeddable":true,"href":"https:\/\/www.zunoticia.com\/noticias-de-hidalgo\/wp-json\/wp\/v2\/comments?post=646400"}],"version-history":[{"count":1,"href":"https:\/\/www.zunoticia.com\/noticias-de-hidalgo\/wp-json\/wp\/v2\/posts\/646400\/revisions"}],"predecessor-version":[{"id":646402,"href":"https:\/\/www.zunoticia.com\/noticias-de-hidalgo\/wp-json\/wp\/v2\/posts\/646400\/revisions\/646402"}],"wp:featuredmedia":[{"embeddable":true,"href":"https:\/\/www.zunoticia.com\/noticias-de-hidalgo\/wp-json\/wp\/v2\/media\/646401"}],"wp:attachment":[{"href":"https:\/\/www.zunoticia.com\/noticias-de-hidalgo\/wp-json\/wp\/v2\/media?parent=646400"}],"wp:term":[{"taxonomy":"category","embeddable":true,"href":"https:\/\/www.zunoticia.com\/noticias-de-hidalgo\/wp-json\/wp\/v2\/categories?post=646400"},{"taxonomy":"post_tag","embeddable":true,"href":"https:\/\/www.zunoticia.com\/noticias-de-hidalgo\/wp-json\/wp\/v2\/tags?post=646400"}],"curies":[{"name":"wp","href":"https:\/\/api.w.org\/{rel}","templated":true}]}}