{"id":646407,"date":"2026-08-24T16:47:30","date_gmt":"2026-08-24T22:47:30","guid":{"rendered":"https:\/\/www.zunoticia.com\/noticias-de-hidalgo\/?p=646407"},"modified":"2026-08-24T16:47:31","modified_gmt":"2026-08-24T22:47:31","slug":"realizan-ensayos-para-la-flor-especial-mas-bella-de-hidalgo-2026","status":"publish","type":"post","link":"https:\/\/www.zunoticia.com\/noticias-de-hidalgo\/2026\/08\/24\/realizan-ensayos-para-la-flor-especial-mas-bella-de-hidalgo-2026\/","title":{"rendered":"Realizan ensayos para la Flor Especial M\u00e1s Bella de Hidalgo 2026"},"content":{"rendered":"<aside class=\"mashsb-container mashsb-main mashsb-stretched\"><div class=\"mashsb-box\"><div class=\"mashsb-count mash-large\" style=\"&quot;\"><div class=\"counts mashsbcount\">0<\/div><span class=\"mashsb-sharetext\">SHARES<\/span><\/div><div class=\"mashsb-buttons\"><a class=\"mashicon-facebook mash-large mash-center mashsb-noshadow\" href=\"https:\/\/www.facebook.com\/sharer.php?u=https%3A%2F%2Fwww.zunoticia.com%2Fnoticias-de-hidalgo%2F2026%2F08%2F24%2Frealizan-ensayos-para-la-flor-especial-mas-bella-de-hidalgo-2026%2F\" target=\"_top\" rel=\"nofollow\"><span class=\"icon\"><\/span><span class=\"text\">Share<\/span><\/a><a class=\"mashicon-twitter mash-large mash-center mashsb-noshadow\" href=\"https:\/\/twitter.com\/intent\/tweet?text=&amp;url=https:\/\/www.zunoticia.com\/noticias-de-hidalgo\/2026\/08\/24\/realizan-ensayos-para-la-flor-especial-mas-bella-de-hidalgo-2026\/\" target=\"_top\" rel=\"nofollow\"><span class=\"icon\"><\/span><span class=\"text\">Tweet<\/span><\/a><div class=\"onoffswitch2 mash-large mashsb-noshadow\" style=\"display:none\"><\/div><\/div>\n            <\/div>\n                <div style=\"clear:both\"><\/div><div class=\"mashsb-toggle-container\"><\/div><\/aside>\n            <!-- Share buttons by mashshare.net - Version: 4.0.47-->\n<p class=\"wp-block-paragraph\"><em>Por Enedino Hern\u00e1ndez \/ Zunoticia<\/em><\/p>\n\n\n\n<p class=\"wp-block-paragraph\"><strong>Huejutla, Hgo<\/strong>.- La coordinadora estatal del Certamen de la Flor Especial M\u00e1s Bella de Hidalgo 2026, Ver\u00f3nica Yazm\u00edn Lerma Fern\u00e1ndez, inform\u00f3 que iniciaron los ensayos rumbo a la gran final estatal que se realizar\u00e1 el pr\u00f3ximo s\u00e1bado 29 de agosto, a las 4 de la tarde, en Atlapexco.<\/p>\n\n\n\n<p class=\"wp-block-paragraph\">Agradeci\u00f3 el apoyo de la sociedad y destac\u00f3 que, ya se encuentran listas tres participantes para esta etapa: Jade Ir\u00e1n Guzm\u00e1n, representante de Huejutla; Mar\u00eda Fernanda Hern\u00e1ndez, representante de Huejutla y Luz Valeria Hern\u00e1ndez, de Atlapexco.<\/p>\n\n\n\n<p class=\"wp-block-paragraph\">Se\u00f1al\u00f3 que iniciaron con su primer ensayo de pasarela y contar\u00e1n con el apoyo de la Madrina m\u00e1gica Estrella, quien les brindar\u00e1 herramientas de seguridad y modelaje en escenario.<\/p>\n\n\n\n<p class=\"wp-block-paragraph\">\u201cVa a estar aqu\u00ed presente para que ellas tengan m\u00e1s seguridad en ese escenario, que tengan m\u00e1s herramientas a la hora de caminar en esa pasarela\u201d. Anunci\u00f3 que, despu\u00e9s de su primer ensayo, las j\u00f3venes tendr\u00e1n la experiencia de ser \u201cmodelo por un d\u00eda\u201d, gracias al apoyo de una prestigiosa boutique de Huejutla de Reyes, de caballero y dama, que se sum\u00f3 como Padrino m\u00e1gico.<\/p>\n\n\n\n<p class=\"wp-block-paragraph\">Detall\u00f3 que se realiz\u00f3 un ensayo general este lunes, probablemente uno m\u00e1s durante la semana, y la concentraci\u00f3n final ser\u00e1 desde la ma\u00f1ana del 29 de agosto.<\/p>\n\n\n\n<p class=\"wp-block-paragraph\">Finalmente, reiter\u00f3 que la convocatoria sigue abierta: \u201cTodav\u00eda si me est\u00e1n escuchando por ah\u00ed, tienen oportunidad de registrarse este a\u00f1o, es etapa estatal&#8230; invitamos a todos a que est\u00e9n ah\u00ed presentes en el evento, que se den una vueltecita para Atlapexco\u201d.<\/p>\n\n\n\n<p class=\"wp-block-paragraph\">La convocatoria es para j\u00f3venes de 14 a 28 a\u00f1os con discapacidad f\u00edsica, sensorial o intelectual, de los 84 municipios de Hidalgo. Registro en Facebook: La Flor Especial M\u00e1s Bella de Hidalgo.<\/p>\n","protected":false},"excerpt":{"rendered":"<p>Por Enedino Hern\u00e1ndez \/ Zunoticia Huejutla, Hgo.- La coordinadora estatal del Certamen de la Flor Especial M\u00e1s Bella de Hidalgo 2026, Ver\u00f3nica Yazm\u00edn Lerma Fern\u00e1ndez, inform\u00f3 que iniciaron los ensayos rumbo a la gran final estatal que se realizar\u00e1 el pr\u00f3ximo s\u00e1bado 29 de agosto, a las 4 de la tarde, en Atlapexco. Agradeci\u00f3 el&hellip; <a class=\"more-link\" href=\"https:\/\/www.zunoticia.com\/noticias-de-hidalgo\/2026\/08\/24\/realizan-ensayos-para-la-flor-especial-mas-bella-de-hidalgo-2026\/\">Seguir leyendo <span class=\"screen-reader-text\">Realizan ensayos para la Flor Especial M\u00e1s Bella de Hidalgo 2026<\/span><\/a><\/p>\n","protected":false},"author":20,"featured_media":646408,"comment_status":"open","ping_status":"open","sticky":false,"template":"","format":"standard","meta":{"rop_custom_images_group":[],"rop_custom_messages_group":[],"rop_publish_now":"initial","rop_publish_now_accounts":{"facebook_10159540855086992_322828327761733":""},"rop_publish_now_history":[],"rop_publish_now_status":"pending","footnotes":""},"categories":[179],"tags":[121],"class_list":["post-646407","post","type-post","status-publish","format-standard","has-post-thumbnail","hentry","category-huasteca","tag-huejutla","entry"],"_links":{"self":[{"href":"https:\/\/www.zunoticia.com\/noticias-de-hidalgo\/wp-json\/wp\/v2\/posts\/646407","targetHints":{"allow":["GET"]}}],"collection":[{"href":"https:\/\/www.zunoticia.com\/noticias-de-hidalgo\/wp-json\/wp\/v2\/posts"}],"about":[{"href":"https:\/\/www.zunoticia.com\/noticias-de-hidalgo\/wp-json\/wp\/v2\/types\/post"}],"author":[{"embeddable":true,"href":"https:\/\/www.zunoticia.com\/noticias-de-hidalgo\/wp-json\/wp\/v2\/users\/20"}],"replies":[{"embeddable":true,"href":"https:\/\/www.zunoticia.com\/noticias-de-hidalgo\/wp-json\/wp\/v2\/comments?post=646407"}],"version-history":[{"count":1,"href":"https:\/\/www.zunoticia.com\/noticias-de-hidalgo\/wp-json\/wp\/v2\/posts\/646407\/revisions"}],"predecessor-version":[{"id":646409,"href":"https:\/\/www.zunoticia.com\/noticias-de-hidalgo\/wp-json\/wp\/v2\/posts\/646407\/revisions\/646409"}],"wp:featuredmedia":[{"embeddable":true,"href":"https:\/\/www.zunoticia.com\/noticias-de-hidalgo\/wp-json\/wp\/v2\/media\/646408"}],"wp:attachment":[{"href":"https:\/\/www.zunoticia.com\/noticias-de-hidalgo\/wp-json\/wp\/v2\/media?parent=646407"}],"wp:term":[{"taxonomy":"category","embeddable":true,"href":"https:\/\/www.zunoticia.com\/noticias-de-hidalgo\/wp-json\/wp\/v2\/categories?post=646407"},{"taxonomy":"post_tag","embeddable":true,"href":"https:\/\/www.zunoticia.com\/noticias-de-hidalgo\/wp-json\/wp\/v2\/tags?post=646407"}],"curies":[{"name":"wp","href":"https:\/\/api.w.org\/{rel}","templated":true}]}}