{"id":646437,"date":"2026-08-25T12:15:00","date_gmt":"2026-08-25T18:15:00","guid":{"rendered":"https:\/\/www.zunoticia.com\/noticias-de-hidalgo\/?p=646437"},"modified":"2026-08-25T12:15:02","modified_gmt":"2026-08-25T18:15:02","slug":"anuncia-ine-recorrido-de-modulos-de-atencion-ciudadana-para-la-presente-semana","status":"publish","type":"post","link":"https:\/\/www.zunoticia.com\/noticias-de-hidalgo\/2026\/08\/25\/anuncia-ine-recorrido-de-modulos-de-atencion-ciudadana-para-la-presente-semana\/","title":{"rendered":"Anuncia INE recorrido de M\u00f3dulos de Atenci\u00f3n Ciudadana para la presente semana"},"content":{"rendered":"<aside class=\"mashsb-container mashsb-main mashsb-stretched\"><div class=\"mashsb-box\"><div class=\"mashsb-count mash-large\" style=\"&quot;\"><div class=\"counts mashsbcount\">0<\/div><span class=\"mashsb-sharetext\">SHARES<\/span><\/div><div class=\"mashsb-buttons\"><a class=\"mashicon-facebook mash-large mash-center mashsb-noshadow\" href=\"https:\/\/www.facebook.com\/sharer.php?u=https%3A%2F%2Fwww.zunoticia.com%2Fnoticias-de-hidalgo%2F2026%2F08%2F25%2Fanuncia-ine-recorrido-de-modulos-de-atencion-ciudadana-para-la-presente-semana%2F\" target=\"_top\" rel=\"nofollow\"><span class=\"icon\"><\/span><span class=\"text\">Share<\/span><\/a><a class=\"mashicon-twitter mash-large mash-center mashsb-noshadow\" href=\"https:\/\/twitter.com\/intent\/tweet?text=&amp;url=https:\/\/www.zunoticia.com\/noticias-de-hidalgo\/2026\/08\/25\/anuncia-ine-recorrido-de-modulos-de-atencion-ciudadana-para-la-presente-semana\/\" target=\"_top\" rel=\"nofollow\"><span class=\"icon\"><\/span><span class=\"text\">Tweet<\/span><\/a><div class=\"onoffswitch2 mash-large mashsb-noshadow\" style=\"display:none\"><\/div><\/div>\n            <\/div>\n                <div style=\"clear:both\"><\/div><div class=\"mashsb-toggle-container\"><\/div><\/aside>\n            <!-- Share buttons by mashshare.net - Version: 4.0.47-->\n<p class=\"wp-block-paragraph\"><em>Por Enedino Hern\u00e1ndez \/ Zunoticia<\/em><\/p>\n\n\n\n<p class=\"wp-block-paragraph\"><strong>Huejutla, Hgo<\/strong>.- La vocal del Registro Federal de Electores del INE en Huejutla de Reyes, Sonia Melchor Garc\u00eda, dio a conocer el recorrido de los M\u00f3dulos de Atenci\u00f3n Ciudadana 130152 y 130153 que comprende del 24 al 28 de agosto, as\u00ed como el cierre de la Campa\u00f1a Anual Permanente.<\/p>\n\n\n\n<p class=\"wp-block-paragraph\">Detall\u00f3 que para la presente semana el M\u00f3dulo 130152 se instalar\u00e1 de la siguiente manera: lunes 24 de agosto Xochiatipan; martes 25 Pezmatlan, Calnali; mi\u00e9rcoles 26 Atempa, Calnali; jueves 27 Techimal, Tianguistengo y viernes 28 Tlacohecha, Tianguistengo.<\/p>\n\n\n\n<p class=\"wp-block-paragraph\">Mientras que el M\u00f3dulo 130153 estar\u00e1 el lunes 24 de agosto en Ju\u00e1rez Hidalgo, martes 25 San Lorenzo Ixtacoyotla Ju\u00e1rez, Hidalgo; mi\u00e9rcoles 26 en el Eloxochitl\u00e1n; jueves 27 en Hualula, Eloxochitl\u00e1n y viernes 28 de agosto en Coacuilco, Huejutla de Reyes.<\/p>\n\n\n\n<p class=\"wp-block-paragraph\">Sonia Melchor Garc\u00eda, aprovech\u00f3 para informar que el pr\u00f3ximo lunes 31 de agosto concluye la Campa\u00f1a Anual Permanente, por lo que el M\u00f3dulo 130152 cerrar\u00e1 su directorio en Xococuatla, Tianguistengo y el M\u00f3dulo 130153 en la localidad de Ahuatitla, San Felipe Orizatl\u00e1n.<\/p>\n\n\n\n<p class=\"wp-block-paragraph\">Subraya que a partir del 1 de septiembre dar\u00e1 inicio la Campa\u00f1a Anual Intensa.<\/p>\n\n\n\n<p class=\"wp-block-paragraph\">Finalmente, record\u00f3 a la ciudadan\u00eda que para realizar cualquier tr\u00e1mite deben presentar en original: acta de nacimiento, identificaci\u00f3n oficial con fotograf\u00eda, comprobante de domicilio y CURP.<\/p>\n","protected":false},"excerpt":{"rendered":"<p>Por Enedino Hern\u00e1ndez \/ Zunoticia Huejutla, Hgo.- La vocal del Registro Federal de Electores del INE en Huejutla de Reyes, Sonia Melchor Garc\u00eda, dio a conocer el recorrido de los M\u00f3dulos de Atenci\u00f3n Ciudadana 130152 y 130153 que comprende del 24 al 28 de agosto, as\u00ed como el cierre de la Campa\u00f1a Anual Permanente. Detall\u00f3&hellip; <a class=\"more-link\" href=\"https:\/\/www.zunoticia.com\/noticias-de-hidalgo\/2026\/08\/25\/anuncia-ine-recorrido-de-modulos-de-atencion-ciudadana-para-la-presente-semana\/\">Seguir leyendo <span class=\"screen-reader-text\">Anuncia INE recorrido de M\u00f3dulos de Atenci\u00f3n Ciudadana para la presente semana<\/span><\/a><\/p>\n","protected":false},"author":20,"featured_media":646438,"comment_status":"open","ping_status":"open","sticky":false,"template":"","format":"standard","meta":{"rop_custom_images_group":[],"rop_custom_messages_group":[],"rop_publish_now":"initial","rop_publish_now_accounts":{"facebook_10159540855086992_322828327761733":""},"rop_publish_now_history":[],"rop_publish_now_status":"pending","footnotes":""},"categories":[181],"tags":[121],"class_list":["post-646437","post","type-post","status-publish","format-standard","has-post-thumbnail","hentry","category-huejutla","tag-huejutla","entry"],"_links":{"self":[{"href":"https:\/\/www.zunoticia.com\/noticias-de-hidalgo\/wp-json\/wp\/v2\/posts\/646437","targetHints":{"allow":["GET"]}}],"collection":[{"href":"https:\/\/www.zunoticia.com\/noticias-de-hidalgo\/wp-json\/wp\/v2\/posts"}],"about":[{"href":"https:\/\/www.zunoticia.com\/noticias-de-hidalgo\/wp-json\/wp\/v2\/types\/post"}],"author":[{"embeddable":true,"href":"https:\/\/www.zunoticia.com\/noticias-de-hidalgo\/wp-json\/wp\/v2\/users\/20"}],"replies":[{"embeddable":true,"href":"https:\/\/www.zunoticia.com\/noticias-de-hidalgo\/wp-json\/wp\/v2\/comments?post=646437"}],"version-history":[{"count":1,"href":"https:\/\/www.zunoticia.com\/noticias-de-hidalgo\/wp-json\/wp\/v2\/posts\/646437\/revisions"}],"predecessor-version":[{"id":646439,"href":"https:\/\/www.zunoticia.com\/noticias-de-hidalgo\/wp-json\/wp\/v2\/posts\/646437\/revisions\/646439"}],"wp:featuredmedia":[{"embeddable":true,"href":"https:\/\/www.zunoticia.com\/noticias-de-hidalgo\/wp-json\/wp\/v2\/media\/646438"}],"wp:attachment":[{"href":"https:\/\/www.zunoticia.com\/noticias-de-hidalgo\/wp-json\/wp\/v2\/media?parent=646437"}],"wp:term":[{"taxonomy":"category","embeddable":true,"href":"https:\/\/www.zunoticia.com\/noticias-de-hidalgo\/wp-json\/wp\/v2\/categories?post=646437"},{"taxonomy":"post_tag","embeddable":true,"href":"https:\/\/www.zunoticia.com\/noticias-de-hidalgo\/wp-json\/wp\/v2\/tags?post=646437"}],"curies":[{"name":"wp","href":"https:\/\/api.w.org\/{rel}","templated":true}]}}