{"id":646454,"date":"2026-08-25T13:30:02","date_gmt":"2026-08-25T19:30:02","guid":{"rendered":"https:\/\/www.zunoticia.com\/noticias-de-hidalgo\/?p=646454"},"modified":"2026-08-25T13:30:03","modified_gmt":"2026-08-25T19:30:03","slug":"colapso-tejado-en-la-zona-centro","status":"publish","type":"post","link":"https:\/\/www.zunoticia.com\/noticias-de-hidalgo\/2026\/08\/25\/colapso-tejado-en-la-zona-centro\/","title":{"rendered":"Colaps\u00f3 tejado en la zona centro"},"content":{"rendered":"<aside class=\"mashsb-container mashsb-main mashsb-stretched\"><div class=\"mashsb-box\"><div class=\"mashsb-count mash-large\" style=\"&quot;\"><div class=\"counts mashsbcount\">0<\/div><span class=\"mashsb-sharetext\">SHARES<\/span><\/div><div class=\"mashsb-buttons\"><a class=\"mashicon-facebook mash-large mash-center mashsb-noshadow\" href=\"https:\/\/www.facebook.com\/sharer.php?u=https%3A%2F%2Fwww.zunoticia.com%2Fnoticias-de-hidalgo%2F2026%2F08%2F25%2Fcolapso-tejado-en-la-zona-centro%2F\" target=\"_top\" rel=\"nofollow\"><span class=\"icon\"><\/span><span class=\"text\">Share<\/span><\/a><a class=\"mashicon-twitter mash-large mash-center mashsb-noshadow\" href=\"https:\/\/twitter.com\/intent\/tweet?text=&amp;url=https:\/\/www.zunoticia.com\/noticias-de-hidalgo\/2026\/08\/25\/colapso-tejado-en-la-zona-centro\/\" target=\"_top\" rel=\"nofollow\"><span class=\"icon\"><\/span><span class=\"text\">Tweet<\/span><\/a><div class=\"onoffswitch2 mash-large mashsb-noshadow\" style=\"display:none\"><\/div><\/div>\n            <\/div>\n                <div style=\"clear:both\"><\/div><div class=\"mashsb-toggle-container\"><\/div><\/aside>\n            <!-- Share buttons by mashshare.net - Version: 4.0.47-->\n<p class=\"wp-block-paragraph\"><em>Por Roberto Meza Ram\u00edrez \/ Zunoticia<\/em><\/p>\n\n\n\n<p class=\"wp-block-paragraph\"><strong>Huejutla, Hgo.-<\/strong> Por las lluvias que se registraron la tarde del lunes, durante la noche de ese mismo d\u00eda colaps\u00f3 el tejado del Centro hist\u00f3rico en la bajada de la Catedral Cristo Rey, ocasionado angustia entre la poblaci\u00f3n que caminaba por el lugar y moviliz\u00f3 a los cuerpos de seguridad.<\/p>\n\n\n\n<p class=\"wp-block-paragraph\">Fue alrededor de las 11:00 de la noche del lunes, cuando un estruendo irrumpi\u00f3 con la tranquilidad de los vecinos ante la ca\u00edda de cientos de tejas, de inmediato polic\u00edas municipales acudieron a acordonar el lugar para evitar incidentes que pongan en riesgo la integridad de las personas.<\/p>\n\n\n\n<p class=\"wp-block-paragraph\">Estos hechos solo dejaron da\u00f1os materiales y sin v\u00edctimas que lamentar. Lo anterior, se debe al deterioro avanzado de la madera en donde se sostienen las tejas, de manera frecuente caen, pero en esta ocasi\u00f3n hubo un colapso mayor.<\/p>\n\n\n\n<figure class=\"wp-block-image size-full\"><img fetchpriority=\"high\" decoding=\"async\" width=\"720\" height=\"548\" src=\"https:\/\/www.zunoticia.com\/noticias-de-hidalgo\/wp-content\/uploads\/2026\/08\/WhatsApp-Image-2026-08-25-at-12.37.08-PM.jpeg\" alt=\"\" class=\"wp-image-646456\" srcset=\"https:\/\/www.zunoticia.com\/noticias-de-hidalgo\/wp-content\/uploads\/2026\/08\/WhatsApp-Image-2026-08-25-at-12.37.08-PM.jpeg 720w, https:\/\/www.zunoticia.com\/noticias-de-hidalgo\/wp-content\/uploads\/2026\/08\/WhatsApp-Image-2026-08-25-at-12.37.08-PM-300x228.jpeg 300w\" sizes=\"(max-width: 720px) 100vw, 720px\" \/><\/figure>\n","protected":false},"excerpt":{"rendered":"<p>Por Roberto Meza Ram\u00edrez \/ Zunoticia Huejutla, Hgo.- Por las lluvias que se registraron la tarde del lunes, durante la noche de ese mismo d\u00eda colaps\u00f3 el tejado del Centro hist\u00f3rico en la bajada de la Catedral Cristo Rey, ocasionado angustia entre la poblaci\u00f3n que caminaba por el lugar y moviliz\u00f3 a los cuerpos de&hellip; <a class=\"more-link\" href=\"https:\/\/www.zunoticia.com\/noticias-de-hidalgo\/2026\/08\/25\/colapso-tejado-en-la-zona-centro\/\">Seguir leyendo <span class=\"screen-reader-text\">Colaps\u00f3 tejado en la zona centro<\/span><\/a><\/p>\n","protected":false},"author":20,"featured_media":646455,"comment_status":"open","ping_status":"open","sticky":false,"template":"","format":"standard","meta":{"rop_custom_images_group":[],"rop_custom_messages_group":[],"rop_publish_now":"initial","rop_publish_now_accounts":{"facebook_10159540855086992_322828327761733":""},"rop_publish_now_history":[],"rop_publish_now_status":"pending","footnotes":""},"categories":[178],"tags":[259],"class_list":["post-646454","post","type-post","status-publish","format-standard","has-post-thumbnail","hentry","category-policiaca","tag-policiaca","entry"],"_links":{"self":[{"href":"https:\/\/www.zunoticia.com\/noticias-de-hidalgo\/wp-json\/wp\/v2\/posts\/646454","targetHints":{"allow":["GET"]}}],"collection":[{"href":"https:\/\/www.zunoticia.com\/noticias-de-hidalgo\/wp-json\/wp\/v2\/posts"}],"about":[{"href":"https:\/\/www.zunoticia.com\/noticias-de-hidalgo\/wp-json\/wp\/v2\/types\/post"}],"author":[{"embeddable":true,"href":"https:\/\/www.zunoticia.com\/noticias-de-hidalgo\/wp-json\/wp\/v2\/users\/20"}],"replies":[{"embeddable":true,"href":"https:\/\/www.zunoticia.com\/noticias-de-hidalgo\/wp-json\/wp\/v2\/comments?post=646454"}],"version-history":[{"count":1,"href":"https:\/\/www.zunoticia.com\/noticias-de-hidalgo\/wp-json\/wp\/v2\/posts\/646454\/revisions"}],"predecessor-version":[{"id":646457,"href":"https:\/\/www.zunoticia.com\/noticias-de-hidalgo\/wp-json\/wp\/v2\/posts\/646454\/revisions\/646457"}],"wp:featuredmedia":[{"embeddable":true,"href":"https:\/\/www.zunoticia.com\/noticias-de-hidalgo\/wp-json\/wp\/v2\/media\/646455"}],"wp:attachment":[{"href":"https:\/\/www.zunoticia.com\/noticias-de-hidalgo\/wp-json\/wp\/v2\/media?parent=646454"}],"wp:term":[{"taxonomy":"category","embeddable":true,"href":"https:\/\/www.zunoticia.com\/noticias-de-hidalgo\/wp-json\/wp\/v2\/categories?post=646454"},{"taxonomy":"post_tag","embeddable":true,"href":"https:\/\/www.zunoticia.com\/noticias-de-hidalgo\/wp-json\/wp\/v2\/tags?post=646454"}],"curies":[{"name":"wp","href":"https:\/\/api.w.org\/{rel}","templated":true}]}}