{"id":646481,"date":"2026-08-25T16:53:30","date_gmt":"2026-08-25T22:53:30","guid":{"rendered":"https:\/\/www.zunoticia.com\/noticias-de-hidalgo\/?p=646481"},"modified":"2026-08-25T16:53:32","modified_gmt":"2026-08-25T22:53:32","slug":"la-escuela-benito-juarez-de-huejutla-prepara-el-inicio-del-nuevo-ciclo-escolar","status":"publish","type":"post","link":"https:\/\/www.zunoticia.com\/noticias-de-hidalgo\/2026\/08\/25\/la-escuela-benito-juarez-de-huejutla-prepara-el-inicio-del-nuevo-ciclo-escolar\/","title":{"rendered":"La Escuela Benito Ju\u00e1rez de Huejutla prepara el inicio del nuevo ciclo escolar"},"content":{"rendered":"<aside class=\"mashsb-container mashsb-main mashsb-stretched\"><div class=\"mashsb-box\"><div class=\"mashsb-count mash-large\" style=\"&quot;\"><div class=\"counts mashsbcount\">0<\/div><span class=\"mashsb-sharetext\">SHARES<\/span><\/div><div class=\"mashsb-buttons\"><a class=\"mashicon-facebook mash-large mash-center mashsb-noshadow\" href=\"https:\/\/www.facebook.com\/sharer.php?u=https%3A%2F%2Fwww.zunoticia.com%2Fnoticias-de-hidalgo%2F2026%2F08%2F25%2Fla-escuela-benito-juarez-de-huejutla-prepara-el-inicio-del-nuevo-ciclo-escolar%2F\" target=\"_top\" rel=\"nofollow\"><span class=\"icon\"><\/span><span class=\"text\">Share<\/span><\/a><a class=\"mashicon-twitter mash-large mash-center mashsb-noshadow\" href=\"https:\/\/twitter.com\/intent\/tweet?text=&amp;url=https:\/\/www.zunoticia.com\/noticias-de-hidalgo\/2026\/08\/25\/la-escuela-benito-juarez-de-huejutla-prepara-el-inicio-del-nuevo-ciclo-escolar\/\" target=\"_top\" rel=\"nofollow\"><span class=\"icon\"><\/span><span class=\"text\">Tweet<\/span><\/a><div class=\"onoffswitch2 mash-large mashsb-noshadow\" style=\"display:none\"><\/div><\/div>\n            <\/div>\n                <div style=\"clear:both\"><\/div><div class=\"mashsb-toggle-container\"><\/div><\/aside>\n            <!-- Share buttons by mashshare.net - Version: 4.0.47-->\n<p class=\"wp-block-paragraph\"><em>Por Enedino Hern\u00e1ndez \/ Zunoticia<\/em><\/p>\n\n\n\n<p class=\"wp-block-paragraph\"><strong>Huejutla, Hgo<\/strong>.- La Escuela Primaria Benito Ju\u00e1rez, de la colonia Centro de Huejutla, se declar\u00f3 lista para el inicio del Ciclo Escolar 2026-2027, con trabajos previos de Consejo T\u00e9cnico y la organizaci\u00f3n del personal docente.<\/p>\n\n\n\n<p class=\"wp-block-paragraph\">El director de la instituci\u00f3n educativa, Miguel Cruz Reyes, informa que el colectivo docente participa en el Consejo T\u00e9cnico Escolar, con el objetivo de analizar las problem\u00e1ticas que aquejan a la instituci\u00f3n y mejorar el trabajo educativo.<\/p>\n\n\n\n<p class=\"wp-block-paragraph\">&#8220;Vamos a trabajar con un Consejo T\u00e9cnico donde tenemos que ir preparando los maestros, uno mismo como director, y realmente eso nos puede ayudar para ir mejorando, ir analizando las problem\u00e1ticas que existe en la escuela&#8221;, se\u00f1al\u00f3.<\/p>\n\n\n\n<p class=\"wp-block-paragraph\">Indic\u00f3 que las inscripciones ya se llevaron a cabo y actualmente se encuentran en la etapa de organizaci\u00f3n para recibir con entusiasmo a los alumnos para el ciclo escolar 2026-2027.<\/p>\n\n\n\n<p class=\"wp-block-paragraph\">El directivo destac\u00f3 que la prioridad es que los alumnos se sientan bien y que el regreso a clases se d\u00e9 en un ambiente tranquilo, principalmente el pr\u00f3ximo lunes 31 de agosto, fecha marcada para el inicio de clases.<\/p>\n\n\n\n<p class=\"wp-block-paragraph\">En cuanto a las recomendaciones para los padres, exhort\u00f3 a la comunidad de la familia Benito Ju\u00e1rez &#8220;pedimos a toda la familia Benito Ju\u00e1rez, que quiere una escuela unida, que siempre est\u00e9 unida trabajando y apoyando la escuela, apoyando a sus hijos, para que nuestro trabajo educativo mejore en este ciclo escolar&#8221;, expres\u00f3.<\/p>\n\n\n\n<p class=\"wp-block-paragraph\">Finalmente, Miguel Cruz Reyes, afirm\u00f3 que se espera un inicio de Ciclo Escolar de manera tranquila y ordenada, para que los ni\u00f1os regresen con entusiasmo y contentos a las aulas.<\/p>\n","protected":false},"excerpt":{"rendered":"<p>Por Enedino Hern\u00e1ndez \/ Zunoticia Huejutla, Hgo.- La Escuela Primaria Benito Ju\u00e1rez, de la colonia Centro de Huejutla, se declar\u00f3 lista para el inicio del Ciclo Escolar 2026-2027, con trabajos previos de Consejo T\u00e9cnico y la organizaci\u00f3n del personal docente. El director de la instituci\u00f3n educativa, Miguel Cruz Reyes, informa que el colectivo docente participa&hellip; <a class=\"more-link\" href=\"https:\/\/www.zunoticia.com\/noticias-de-hidalgo\/2026\/08\/25\/la-escuela-benito-juarez-de-huejutla-prepara-el-inicio-del-nuevo-ciclo-escolar\/\">Seguir leyendo <span class=\"screen-reader-text\">La Escuela Benito Ju\u00e1rez de Huejutla prepara el inicio del nuevo ciclo escolar<\/span><\/a><\/p>\n","protected":false},"author":20,"featured_media":646482,"comment_status":"open","ping_status":"open","sticky":false,"template":"","format":"standard","meta":{"rop_custom_images_group":[],"rop_custom_messages_group":[],"rop_publish_now":"initial","rop_publish_now_accounts":{"facebook_10159540855086992_322828327761733":""},"rop_publish_now_history":[],"rop_publish_now_status":"pending","footnotes":""},"categories":[181],"tags":[121],"class_list":["post-646481","post","type-post","status-publish","format-standard","has-post-thumbnail","hentry","category-huejutla","tag-huejutla","entry"],"_links":{"self":[{"href":"https:\/\/www.zunoticia.com\/noticias-de-hidalgo\/wp-json\/wp\/v2\/posts\/646481","targetHints":{"allow":["GET"]}}],"collection":[{"href":"https:\/\/www.zunoticia.com\/noticias-de-hidalgo\/wp-json\/wp\/v2\/posts"}],"about":[{"href":"https:\/\/www.zunoticia.com\/noticias-de-hidalgo\/wp-json\/wp\/v2\/types\/post"}],"author":[{"embeddable":true,"href":"https:\/\/www.zunoticia.com\/noticias-de-hidalgo\/wp-json\/wp\/v2\/users\/20"}],"replies":[{"embeddable":true,"href":"https:\/\/www.zunoticia.com\/noticias-de-hidalgo\/wp-json\/wp\/v2\/comments?post=646481"}],"version-history":[{"count":1,"href":"https:\/\/www.zunoticia.com\/noticias-de-hidalgo\/wp-json\/wp\/v2\/posts\/646481\/revisions"}],"predecessor-version":[{"id":646483,"href":"https:\/\/www.zunoticia.com\/noticias-de-hidalgo\/wp-json\/wp\/v2\/posts\/646481\/revisions\/646483"}],"wp:featuredmedia":[{"embeddable":true,"href":"https:\/\/www.zunoticia.com\/noticias-de-hidalgo\/wp-json\/wp\/v2\/media\/646482"}],"wp:attachment":[{"href":"https:\/\/www.zunoticia.com\/noticias-de-hidalgo\/wp-json\/wp\/v2\/media?parent=646481"}],"wp:term":[{"taxonomy":"category","embeddable":true,"href":"https:\/\/www.zunoticia.com\/noticias-de-hidalgo\/wp-json\/wp\/v2\/categories?post=646481"},{"taxonomy":"post_tag","embeddable":true,"href":"https:\/\/www.zunoticia.com\/noticias-de-hidalgo\/wp-json\/wp\/v2\/tags?post=646481"}],"curies":[{"name":"wp","href":"https:\/\/api.w.org\/{rel}","templated":true}]}}