{"id":646508,"date":"2026-08-25T17:52:07","date_gmt":"2026-08-25T23:52:07","guid":{"rendered":"https:\/\/www.zunoticia.com\/noticias-de-hidalgo\/?p=646508"},"modified":"2026-08-25T17:52:09","modified_gmt":"2026-08-25T23:52:09","slug":"sebiso-gestiono-20-espacios-para-personas-artesanas-en-la-feria-de-san-agustin-metzquititlan-2026","status":"publish","type":"post","link":"https:\/\/www.zunoticia.com\/noticias-de-hidalgo\/2026\/08\/25\/sebiso-gestiono-20-espacios-para-personas-artesanas-en-la-feria-de-san-agustin-metzquititlan-2026\/","title":{"rendered":"Sebiso gestion\u00f3 20 espacios para personas artesanas en la Feria de San Agust\u00edn Metzquititl\u00e1n 2026"},"content":{"rendered":"<aside class=\"mashsb-container mashsb-main mashsb-stretched\"><div class=\"mashsb-box\"><div class=\"mashsb-count mash-large\" style=\"&quot;\"><div class=\"counts mashsbcount\">0<\/div><span class=\"mashsb-sharetext\">SHARES<\/span><\/div><div class=\"mashsb-buttons\"><a class=\"mashicon-facebook mash-large mash-center mashsb-noshadow\" href=\"https:\/\/www.facebook.com\/sharer.php?u=https%3A%2F%2Fwww.zunoticia.com%2Fnoticias-de-hidalgo%2F2026%2F08%2F25%2Fsebiso-gestiono-20-espacios-para-personas-artesanas-en-la-feria-de-san-agustin-metzquititlan-2026%2F\" target=\"_top\" rel=\"nofollow\"><span class=\"icon\"><\/span><span class=\"text\">Share<\/span><\/a><a class=\"mashicon-twitter mash-large mash-center mashsb-noshadow\" href=\"https:\/\/twitter.com\/intent\/tweet?text=&amp;url=https:\/\/www.zunoticia.com\/noticias-de-hidalgo\/2026\/08\/25\/sebiso-gestiono-20-espacios-para-personas-artesanas-en-la-feria-de-san-agustin-metzquititlan-2026\/\" target=\"_top\" rel=\"nofollow\"><span class=\"icon\"><\/span><span class=\"text\">Tweet<\/span><\/a><div class=\"onoffswitch2 mash-large mashsb-noshadow\" style=\"display:none\"><\/div><\/div>\n            <\/div>\n                <div style=\"clear:both\"><\/div><div class=\"mashsb-toggle-container\"><\/div><\/aside>\n            <!-- Share buttons by mashshare.net - Version: 4.0.47-->\n<ul class=\"wp-block-list\">\n<li>En acuerdo con alcald\u00eda y comit\u00e9 organizador se benefici\u00f3 al sector artesanal<\/li>\n<\/ul>\n\n\n\n<p class=\"wp-block-paragraph\"><em>Por Redacci\u00f3n\/Zunoticia<\/em><\/p>\n\n\n\n<p class=\"wp-block-paragraph\"><strong>Pachuca de Soto, Hgo<\/strong>.- Con el prop\u00f3sito de fortalecer las oportunidades de comercializaci\u00f3n y desarrollo para las y los artesanos de Hidalgo, la Secretar\u00eda de Bienestar e Inclusi\u00f3n Social (Sebiso) gestiona puntos de venta en ferias, espacios p\u00fablicos y eventos sociales.<\/p>\n\n\n\n<p class=\"wp-block-paragraph\">De esta manera, a trav\u00e9s de la Direcci\u00f3n General de Fomento Artesanal, consigui\u00f3 20 lugares de manera gratuita en la Feria de San Agust\u00edn Metzquititl\u00e1n 2026.<\/p>\n\n\n\n<p class=\"wp-block-paragraph\">Al respecto, el secretario de Bienestar e Inclusi\u00f3n Social, Ricardo G\u00f3mez Moreno, coment\u00f3 que es gracias a la buena comunicaci\u00f3n con la presidencia municipal de San Agust\u00edn, que 20 artesanas y artesanos exhibir\u00e1n y podr\u00e1n comercializar directamente sus productos, acercando su trabajo a visitantes y habitantes del municipio.<\/p>\n\n\n\n<p class=\"wp-block-paragraph\">Nora Aidh\u00e9 Luciano Mart\u00ednez, titular de Fomento Artesanal, coment\u00f3 que durante el a\u00f1o se logr\u00f3 gestionar 450 espacios en municipios como El Arenal, Tolcayuca, Huejutla y San Agust\u00edn Metzquititl\u00e1n, por mencionar algunos, e incluso en otros estados de la Rep\u00fablica como Veracruz, Tlaxcala y Estado de M\u00e9xico.<\/p>\n\n\n\n<figure class=\"wp-block-image size-large\"><img fetchpriority=\"high\" decoding=\"async\" width=\"1024\" height=\"538\" src=\"https:\/\/www.zunoticia.com\/noticias-de-hidalgo\/wp-content\/uploads\/2026\/08\/2-40-1024x538.png\" alt=\"\" class=\"wp-image-646510\" srcset=\"https:\/\/www.zunoticia.com\/noticias-de-hidalgo\/wp-content\/uploads\/2026\/08\/2-40-1024x538.png 1024w, https:\/\/www.zunoticia.com\/noticias-de-hidalgo\/wp-content\/uploads\/2026\/08\/2-40-300x158.png 300w, https:\/\/www.zunoticia.com\/noticias-de-hidalgo\/wp-content\/uploads\/2026\/08\/2-40-768x403.png 768w, https:\/\/www.zunoticia.com\/noticias-de-hidalgo\/wp-content\/uploads\/2026\/08\/2-40.png 1200w\" sizes=\"(max-width: 1024px) 100vw, 1024px\" \/><\/figure>\n\n\n\n<p class=\"wp-block-paragraph\">La instrucci\u00f3n que nos ha dado el gobernador Julio Menchaca, dijo, es impulsar a este sector en todo el proceso artesanal, desde la capacitaci\u00f3n, compra de materias primas, asesor\u00eda en comercializaci\u00f3n y hasta llevarlos a los puntos de venta que gestiona la Sebiso.<\/p>\n\n\n\n<p class=\"wp-block-paragraph\">\u201cDe manera que, poco a poco las personas artesanas mejoran sus procesos, la calidad de sus artesan\u00edas, aumentan su producci\u00f3n y finalmente sus ventas\u201d, expuso Luciano Mart\u00ednez.&nbsp;&nbsp;<\/p>\n\n\n\n<p class=\"wp-block-paragraph\">La participaci\u00f3n en este tipo de eventos representa una oportunidad para impulsar la econom\u00eda de las familias artesanas, ampliar sus canales de comercializaci\u00f3n y fortalecer la presencia de las distintas expresiones del patrimonio artesanal de Hidalgo.<\/p>\n\n\n\n<p class=\"wp-block-paragraph\">Con estas acciones, la Sebiso, a trav\u00e9s de la Direcci\u00f3n General de Fomento Artesanal, refrenda su compromiso de generar condiciones que contribuyan al bienestar, desarrollo econ\u00f3mico y reconocimiento del trabajo artesanal hidalguense, promoviendo espacios dignos para que las y los creadores puedan mostrar el talento, identidad y tradici\u00f3n que distinguen a nuestro estado.<\/p>\n","protected":false},"excerpt":{"rendered":"<p>Por Redacci\u00f3n\/Zunoticia Pachuca de Soto, Hgo.- Con el prop\u00f3sito de fortalecer las oportunidades de comercializaci\u00f3n y desarrollo para las y los artesanos de Hidalgo, la Secretar\u00eda de Bienestar e Inclusi\u00f3n Social (Sebiso) gestiona puntos de venta en ferias, espacios p\u00fablicos y eventos sociales. De esta manera, a trav\u00e9s de la Direcci\u00f3n General de Fomento Artesanal,&hellip; <a class=\"more-link\" href=\"https:\/\/www.zunoticia.com\/noticias-de-hidalgo\/2026\/08\/25\/sebiso-gestiono-20-espacios-para-personas-artesanas-en-la-feria-de-san-agustin-metzquititlan-2026\/\">Seguir leyendo <span class=\"screen-reader-text\">Sebiso gestion\u00f3 20 espacios para personas artesanas en la Feria de San Agust\u00edn Metzquititl\u00e1n 2026<\/span><\/a><\/p>\n","protected":false},"author":20,"featured_media":646509,"comment_status":"open","ping_status":"open","sticky":false,"template":"","format":"standard","meta":{"rop_custom_images_group":[],"rop_custom_messages_group":[],"rop_publish_now":"initial","rop_publish_now_accounts":{"facebook_10159540855086992_322828327761733":""},"rop_publish_now_history":[],"rop_publish_now_status":"pending","footnotes":""},"categories":[208],"tags":[214],"class_list":["post-646508","post","type-post","status-publish","format-standard","has-post-thumbnail","hentry","category-estado","tag-estado","entry"],"_links":{"self":[{"href":"https:\/\/www.zunoticia.com\/noticias-de-hidalgo\/wp-json\/wp\/v2\/posts\/646508","targetHints":{"allow":["GET"]}}],"collection":[{"href":"https:\/\/www.zunoticia.com\/noticias-de-hidalgo\/wp-json\/wp\/v2\/posts"}],"about":[{"href":"https:\/\/www.zunoticia.com\/noticias-de-hidalgo\/wp-json\/wp\/v2\/types\/post"}],"author":[{"embeddable":true,"href":"https:\/\/www.zunoticia.com\/noticias-de-hidalgo\/wp-json\/wp\/v2\/users\/20"}],"replies":[{"embeddable":true,"href":"https:\/\/www.zunoticia.com\/noticias-de-hidalgo\/wp-json\/wp\/v2\/comments?post=646508"}],"version-history":[{"count":1,"href":"https:\/\/www.zunoticia.com\/noticias-de-hidalgo\/wp-json\/wp\/v2\/posts\/646508\/revisions"}],"predecessor-version":[{"id":646511,"href":"https:\/\/www.zunoticia.com\/noticias-de-hidalgo\/wp-json\/wp\/v2\/posts\/646508\/revisions\/646511"}],"wp:featuredmedia":[{"embeddable":true,"href":"https:\/\/www.zunoticia.com\/noticias-de-hidalgo\/wp-json\/wp\/v2\/media\/646509"}],"wp:attachment":[{"href":"https:\/\/www.zunoticia.com\/noticias-de-hidalgo\/wp-json\/wp\/v2\/media?parent=646508"}],"wp:term":[{"taxonomy":"category","embeddable":true,"href":"https:\/\/www.zunoticia.com\/noticias-de-hidalgo\/wp-json\/wp\/v2\/categories?post=646508"},{"taxonomy":"post_tag","embeddable":true,"href":"https:\/\/www.zunoticia.com\/noticias-de-hidalgo\/wp-json\/wp\/v2\/tags?post=646508"}],"curies":[{"name":"wp","href":"https:\/\/api.w.org\/{rel}","templated":true}]}}