{"id":646531,"date":"2026-08-25T18:33:02","date_gmt":"2026-08-26T00:33:02","guid":{"rendered":"https:\/\/www.zunoticia.com\/noticias-de-hidalgo\/?p=646531"},"modified":"2026-08-25T18:33:04","modified_gmt":"2026-08-26T00:33:04","slug":"encabeza-natividad-castrejon-el-arranque-de-la-campana-boteo-teleton-2026-en-la-seph","status":"publish","type":"post","link":"https:\/\/www.zunoticia.com\/noticias-de-hidalgo\/2026\/08\/25\/encabeza-natividad-castrejon-el-arranque-de-la-campana-boteo-teleton-2026-en-la-seph\/","title":{"rendered":"Encabeza Natividad Castrej\u00f3n el arranque de la Campa\u00f1a Boteo Telet\u00f3n 2026 en la SEPH"},"content":{"rendered":"<aside class=\"mashsb-container mashsb-main mashsb-stretched\"><div class=\"mashsb-box\"><div class=\"mashsb-count mash-large\" style=\"&quot;\"><div class=\"counts mashsbcount\">0<\/div><span class=\"mashsb-sharetext\">SHARES<\/span><\/div><div class=\"mashsb-buttons\"><a class=\"mashicon-facebook mash-large mash-center mashsb-noshadow\" href=\"https:\/\/www.facebook.com\/sharer.php?u=https%3A%2F%2Fwww.zunoticia.com%2Fnoticias-de-hidalgo%2F2026%2F08%2F25%2Fencabeza-natividad-castrejon-el-arranque-de-la-campana-boteo-teleton-2026-en-la-seph%2F\" target=\"_top\" rel=\"nofollow\"><span class=\"icon\"><\/span><span class=\"text\">Share<\/span><\/a><a class=\"mashicon-twitter mash-large mash-center mashsb-noshadow\" href=\"https:\/\/twitter.com\/intent\/tweet?text=&amp;url=https:\/\/www.zunoticia.com\/noticias-de-hidalgo\/2026\/08\/25\/encabeza-natividad-castrejon-el-arranque-de-la-campana-boteo-teleton-2026-en-la-seph\/\" target=\"_top\" rel=\"nofollow\"><span class=\"icon\"><\/span><span class=\"text\">Tweet<\/span><\/a><div class=\"onoffswitch2 mash-large mashsb-noshadow\" style=\"display:none\"><\/div><\/div>\n            <\/div>\n                <div style=\"clear:both\"><\/div><div class=\"mashsb-toggle-container\"><\/div><\/aside>\n            <!-- Share buttons by mashshare.net - Version: 4.0.47-->\n<ul class=\"wp-block-list\">\n<li>Convoca a la comunidad educativa a sumarse a favor de la inclusi\u00f3n y el apoyo a personas con capacidades diferentes<\/li>\n<\/ul>\n\n\n\n<p class=\"wp-block-paragraph\"><em>Por Redacci\u00f3n\/Zunoticia<\/em><\/p>\n\n\n\n<p class=\"wp-block-paragraph\"><strong>Pachuca de Soto, Hgo<\/strong>.- La Secretar\u00eda de Educaci\u00f3n P\u00fablica de Hidalgo (SEPH) dio inicio a la Campa\u00f1a Boteo Telet\u00f3n 2026, con un llamado a la comunidad educativa de la entidad a sumarse a esta causa en favor de la inclusi\u00f3n y la solidaridad social, bajo el lema \u201cPor eso te quiero Telet\u00f3n\u201d.<\/p>\n\n\n\n<p class=\"wp-block-paragraph\">El secretario de Educaci\u00f3n P\u00fablica de Hidalgo, Natividad Castrej\u00f3n Valdez, agradeci\u00f3 al sector educativo por el entusiasmo y compromiso mostrado con la Fundaci\u00f3n Telet\u00f3n. Destac\u00f3 la labor que realiza esta instituci\u00f3n en favor de personas con discapacidad, c\u00e1ncer y autismo, mediante acciones orientadas a fortalecer su desarrollo e integraci\u00f3n social.<\/p>\n\n\n\n<p class=\"wp-block-paragraph\">Natividad Castrej\u00f3n exhort\u00f3 a directivos, docentes y alumnos a integrarse con entusiasmo a la recolecci\u00f3n, como parte de las acciones que fortalecen la solidaridad y la inclusi\u00f3n, en congruencia con la visi\u00f3n del gobierno que encabeza Julio Menchaca Salazar.<\/p>\n\n\n\n<p class=\"wp-block-paragraph\">La Secretar\u00eda de Educaci\u00f3n P\u00fablica de Hidalgo se ha consolidado como una de las instituciones m\u00e1s solidarias y comprometidas con la Fundaci\u00f3n Telet\u00f3n. Durante la campa\u00f1a anterior, el sector educativo estatal logr\u00f3 reunir 3 millones 291 mil 828 pesos para esta causa. Para 2026, la SEPH tiene la intenci\u00f3n de superar lo recaudado el a\u00f1o pasado.<\/p>\n\n\n\n<p class=\"wp-block-paragraph\">Destac\u00f3 el impacto de la Fundaci\u00f3n Telet\u00f3n a lo largo de casi 29 a\u00f1os de trayectoria, periodo en el que ha brindado m\u00e1s de 41 millones de servicios y atendido a m\u00e1s de 900 mil personas en 28 Centros Telet\u00f3n distribuidos en el pa\u00eds. \u201cDatos que son m\u00e1s que suficientes para exclamar con gran entusiasmo y emoci\u00f3n: Por eso te quiero Telet\u00f3n\u201d.<\/p>\n\n\n\n<figure class=\"wp-block-gallery has-nested-images columns-default is-cropped wp-block-gallery-1 is-layout-flex wp-block-gallery-is-layout-flex\">\n<figure class=\"wp-block-image size-large\"><img fetchpriority=\"high\" decoding=\"async\" width=\"1024\" height=\"538\" data-id=\"646533\" src=\"https:\/\/www.zunoticia.com\/noticias-de-hidalgo\/wp-content\/uploads\/2026\/08\/Zunoticia.com-2-74-1024x538.png\" alt=\"\" class=\"wp-image-646533\" srcset=\"https:\/\/www.zunoticia.com\/noticias-de-hidalgo\/wp-content\/uploads\/2026\/08\/Zunoticia.com-2-74-1024x538.png 1024w, https:\/\/www.zunoticia.com\/noticias-de-hidalgo\/wp-content\/uploads\/2026\/08\/Zunoticia.com-2-74-300x158.png 300w, https:\/\/www.zunoticia.com\/noticias-de-hidalgo\/wp-content\/uploads\/2026\/08\/Zunoticia.com-2-74-768x403.png 768w, https:\/\/www.zunoticia.com\/noticias-de-hidalgo\/wp-content\/uploads\/2026\/08\/Zunoticia.com-2-74.png 1200w\" sizes=\"(max-width: 1024px) 100vw, 1024px\" \/><\/figure>\n\n\n\n<figure class=\"wp-block-image size-large\"><img decoding=\"async\" width=\"1024\" height=\"538\" data-id=\"646534\" src=\"https:\/\/www.zunoticia.com\/noticias-de-hidalgo\/wp-content\/uploads\/2026\/08\/Zunoticia.com-1-196-1024x538.png\" alt=\"\" class=\"wp-image-646534\" srcset=\"https:\/\/www.zunoticia.com\/noticias-de-hidalgo\/wp-content\/uploads\/2026\/08\/Zunoticia.com-1-196-1024x538.png 1024w, https:\/\/www.zunoticia.com\/noticias-de-hidalgo\/wp-content\/uploads\/2026\/08\/Zunoticia.com-1-196-300x158.png 300w, https:\/\/www.zunoticia.com\/noticias-de-hidalgo\/wp-content\/uploads\/2026\/08\/Zunoticia.com-1-196-768x403.png 768w, https:\/\/www.zunoticia.com\/noticias-de-hidalgo\/wp-content\/uploads\/2026\/08\/Zunoticia.com-1-196.png 1200w\" sizes=\"(max-width: 1024px) 100vw, 1024px\" \/><\/figure>\n<\/figure>\n\n\n\n<p class=\"wp-block-paragraph\">Por su parte, el director general del CRIT Hidalgo, Agust\u00edn Lagunas Oseguera, reconoci\u00f3 el acompa\u00f1amiento constante de la SEPH y se\u00f1al\u00f3 que la labor educativa trasciende la ense\u00f1anza en las aulas, al formar ciudadanas y ciudadanos capaces de reconocer la dignidad de los dem\u00e1s, comprender los retos de su entorno y contribuir a la transformaci\u00f3n de vidas mediante el apoyo comunitario.<\/p>\n\n\n\n<p class=\"wp-block-paragraph\">En su intervenci\u00f3n, la titular de la Unidad de Promoci\u00f3n Voluntaria de la SEPH, Virginia Hurtado Salinas, resalt\u00f3 que cada colecta representa una oportunidad para fortalecer la empat\u00eda y la solidaridad, al recordar que detr\u00e1s de cada aportaci\u00f3n existen familias, historias y sue\u00f1os que buscan alcanzar un futuro m\u00e1s equitativo.<\/p>\n\n\n\n<p class=\"wp-block-paragraph\">En el evento estuvieron presentes las subsecretarias de Educaci\u00f3n B\u00e1sica, Nancy Adriana Le\u00f3n Vite; de Administraci\u00f3n y Finanzas, Maricarmen Margarita Mandujano Cerrilla; y de Planeaci\u00f3n y Evaluaci\u00f3n, Xochitl Beatriz Garc\u00eda Curiel; as\u00ed como el subsecretario Daniel Fragoso Torres, adem\u00e1s de directoras y directores generales y de \u00e1rea, y representantes de la comunidad educativa.<\/p>\n","protected":false},"excerpt":{"rendered":"<p>Por Redacci\u00f3n\/Zunoticia Pachuca de Soto, Hgo.- La Secretar\u00eda de Educaci\u00f3n P\u00fablica de Hidalgo (SEPH) dio inicio a la Campa\u00f1a Boteo Telet\u00f3n 2026, con un llamado a la comunidad educativa de la entidad a sumarse a esta causa en favor de la inclusi\u00f3n y la solidaridad social, bajo el lema \u201cPor eso te quiero Telet\u00f3n\u201d. El&hellip; <a class=\"more-link\" href=\"https:\/\/www.zunoticia.com\/noticias-de-hidalgo\/2026\/08\/25\/encabeza-natividad-castrejon-el-arranque-de-la-campana-boteo-teleton-2026-en-la-seph\/\">Seguir leyendo <span class=\"screen-reader-text\">Encabeza Natividad Castrej\u00f3n el arranque de la Campa\u00f1a Boteo Telet\u00f3n 2026 en la SEPH<\/span><\/a><\/p>\n","protected":false},"author":20,"featured_media":646532,"comment_status":"open","ping_status":"open","sticky":false,"template":"","format":"standard","meta":{"rop_custom_images_group":[],"rop_custom_messages_group":[],"rop_publish_now":"initial","rop_publish_now_accounts":{"facebook_10159540855086992_322828327761733":""},"rop_publish_now_history":[],"rop_publish_now_status":"pending","footnotes":""},"categories":[208],"tags":[214],"class_list":["post-646531","post","type-post","status-publish","format-standard","has-post-thumbnail","hentry","category-estado","tag-estado","entry"],"_links":{"self":[{"href":"https:\/\/www.zunoticia.com\/noticias-de-hidalgo\/wp-json\/wp\/v2\/posts\/646531","targetHints":{"allow":["GET"]}}],"collection":[{"href":"https:\/\/www.zunoticia.com\/noticias-de-hidalgo\/wp-json\/wp\/v2\/posts"}],"about":[{"href":"https:\/\/www.zunoticia.com\/noticias-de-hidalgo\/wp-json\/wp\/v2\/types\/post"}],"author":[{"embeddable":true,"href":"https:\/\/www.zunoticia.com\/noticias-de-hidalgo\/wp-json\/wp\/v2\/users\/20"}],"replies":[{"embeddable":true,"href":"https:\/\/www.zunoticia.com\/noticias-de-hidalgo\/wp-json\/wp\/v2\/comments?post=646531"}],"version-history":[{"count":1,"href":"https:\/\/www.zunoticia.com\/noticias-de-hidalgo\/wp-json\/wp\/v2\/posts\/646531\/revisions"}],"predecessor-version":[{"id":646535,"href":"https:\/\/www.zunoticia.com\/noticias-de-hidalgo\/wp-json\/wp\/v2\/posts\/646531\/revisions\/646535"}],"wp:featuredmedia":[{"embeddable":true,"href":"https:\/\/www.zunoticia.com\/noticias-de-hidalgo\/wp-json\/wp\/v2\/media\/646532"}],"wp:attachment":[{"href":"https:\/\/www.zunoticia.com\/noticias-de-hidalgo\/wp-json\/wp\/v2\/media?parent=646531"}],"wp:term":[{"taxonomy":"category","embeddable":true,"href":"https:\/\/www.zunoticia.com\/noticias-de-hidalgo\/wp-json\/wp\/v2\/categories?post=646531"},{"taxonomy":"post_tag","embeddable":true,"href":"https:\/\/www.zunoticia.com\/noticias-de-hidalgo\/wp-json\/wp\/v2\/tags?post=646531"}],"curies":[{"name":"wp","href":"https:\/\/api.w.org\/{rel}","templated":true}]}}