{"id":646554,"date":"2026-08-26T13:22:51","date_gmt":"2026-08-26T19:22:51","guid":{"rendered":"https:\/\/www.zunoticia.com\/noticias-de-hidalgo\/?p=646554"},"modified":"2026-08-26T13:22:53","modified_gmt":"2026-08-26T19:22:53","slug":"comerciantes-de-laurel-preparados-para-el-regreso-a-clases","status":"publish","type":"post","link":"https:\/\/www.zunoticia.com\/noticias-de-hidalgo\/2026\/08\/26\/comerciantes-de-laurel-preparados-para-el-regreso-a-clases\/","title":{"rendered":"Comerciantes de LAUREL preparados para el regreso a clases"},"content":{"rendered":"<aside class=\"mashsb-container mashsb-main mashsb-stretched\"><div class=\"mashsb-box\"><div class=\"mashsb-count mash-large\" style=\"&quot;\"><div class=\"counts mashsbcount\">0<\/div><span class=\"mashsb-sharetext\">SHARES<\/span><\/div><div class=\"mashsb-buttons\"><a class=\"mashicon-facebook mash-large mash-center mashsb-noshadow\" href=\"https:\/\/www.facebook.com\/sharer.php?u=https%3A%2F%2Fwww.zunoticia.com%2Fnoticias-de-hidalgo%2F2026%2F08%2F26%2Fcomerciantes-de-laurel-preparados-para-el-regreso-a-clases%2F\" target=\"_top\" rel=\"nofollow\"><span class=\"icon\"><\/span><span class=\"text\">Share<\/span><\/a><a class=\"mashicon-twitter mash-large mash-center mashsb-noshadow\" href=\"https:\/\/twitter.com\/intent\/tweet?text=&amp;url=https:\/\/www.zunoticia.com\/noticias-de-hidalgo\/2026\/08\/26\/comerciantes-de-laurel-preparados-para-el-regreso-a-clases\/\" target=\"_top\" rel=\"nofollow\"><span class=\"icon\"><\/span><span class=\"text\">Tweet<\/span><\/a><div class=\"onoffswitch2 mash-large mashsb-noshadow\" style=\"display:none\"><\/div><\/div>\n            <\/div>\n                <div style=\"clear:both\"><\/div><div class=\"mashsb-toggle-container\"><\/div><\/aside>\n            <!-- Share buttons by mashshare.net - Version: 4.0.47-->\n<p class=\"wp-block-paragraph\"><em>Por Enedino Hern\u00e1ndez \/ Zunoticia<\/em><\/p>\n\n\n\n<p class=\"wp-block-paragraph\"><strong>Huejutla, Hgo<\/strong>.- \u201cComerciantes agremiados a la organizaci\u00f3n LAUREL ya se encuentran preparados para la temporada de regreso a clases, con mercanc\u00eda de \u00fatiles escolares, uniformes, zapatos y mochilas\u201d, inform\u00f3 su presidente, Esteban Hern\u00e1ndez Alvarado.<\/p>\n\n\n\n<p class=\"wp-block-paragraph\">El dirigente explic\u00f3 que desde el fin de semana se registra un mayor movimiento comercial, debido a que padres de familia ya est\u00e1n adquiriendo lo necesario para el inicio del nuevo ciclo escolar.<\/p>\n\n\n\n<p class=\"wp-block-paragraph\">&#8220;Los padres de familia, ya est\u00e1n prepar\u00e1ndose, est\u00e1n comprando \u00fatiles escolares, se espera un mayor movimiento comercial la pr\u00f3xima semana, porque los ni\u00f1os ya van a entrar a la escuela&#8221;, se\u00f1al\u00f3.<\/p>\n\n\n\n<p class=\"wp-block-paragraph\">Como recomendaci\u00f3n a sus compa\u00f1eros comerciantes, Esteban Hern\u00e1ndez Alvarado, pidi\u00f3 no dar precios muy altos &#8220;pues que no den muy caro lo que cuesta, porque muy caro ya no se vende y luego se queda sobrando&#8221;, expres\u00f3.<\/p>\n\n\n\n<p class=\"wp-block-paragraph\">A los padres de familia, el presidente de los comerciantes LAUREL recomend\u00f3 recorrer y comparar precios de los productos antes de comprar, para con ello, poder encontrar opciones m\u00e1s econ\u00f3micas.<\/p>\n\n\n\n<p class=\"wp-block-paragraph\">&#8220;Que no vayan a un solo lugar, que vayan a comprar porque a veces en un lado dan m\u00e1s caro, los que tienen dinero que compren donde quieran, pero a quienes no alcanzan, que busquen precios, porque s\u00ed hay lugares en donde los precios son m\u00e1s econ\u00f3micos\u201d.<\/p>\n\n\n\n<p class=\"wp-block-paragraph\">Detall\u00f3 que, por ejemplo, hay libretas que se pueden encontrar desde 17.00 hasta 25.00 pesos, existen opciones para diferentes niveles escolares y presupuestos; finalmente, asegur\u00f3 que los comerciantes del Mercado Laurel continuar\u00e1n trabajando para atender la demanda de esta temporada.<\/p>\n","protected":false},"excerpt":{"rendered":"<p>Por Enedino Hern\u00e1ndez \/ Zunoticia Huejutla, Hgo.- \u201cComerciantes agremiados a la organizaci\u00f3n LAUREL ya se encuentran preparados para la temporada de regreso a clases, con mercanc\u00eda de \u00fatiles escolares, uniformes, zapatos y mochilas\u201d, inform\u00f3 su presidente, Esteban Hern\u00e1ndez Alvarado. El dirigente explic\u00f3 que desde el fin de semana se registra un mayor movimiento comercial, debido&hellip; <a class=\"more-link\" href=\"https:\/\/www.zunoticia.com\/noticias-de-hidalgo\/2026\/08\/26\/comerciantes-de-laurel-preparados-para-el-regreso-a-clases\/\">Seguir leyendo <span class=\"screen-reader-text\">Comerciantes de LAUREL preparados para el regreso a clases<\/span><\/a><\/p>\n","protected":false},"author":20,"featured_media":646555,"comment_status":"open","ping_status":"open","sticky":false,"template":"","format":"standard","meta":{"rop_custom_images_group":[],"rop_custom_messages_group":[],"rop_publish_now":"initial","rop_publish_now_accounts":{"facebook_10159540855086992_322828327761733":""},"rop_publish_now_history":[],"rop_publish_now_status":"pending","footnotes":""},"categories":[181],"tags":[121],"class_list":["post-646554","post","type-post","status-publish","format-standard","has-post-thumbnail","hentry","category-huejutla","tag-huejutla","entry"],"_links":{"self":[{"href":"https:\/\/www.zunoticia.com\/noticias-de-hidalgo\/wp-json\/wp\/v2\/posts\/646554","targetHints":{"allow":["GET"]}}],"collection":[{"href":"https:\/\/www.zunoticia.com\/noticias-de-hidalgo\/wp-json\/wp\/v2\/posts"}],"about":[{"href":"https:\/\/www.zunoticia.com\/noticias-de-hidalgo\/wp-json\/wp\/v2\/types\/post"}],"author":[{"embeddable":true,"href":"https:\/\/www.zunoticia.com\/noticias-de-hidalgo\/wp-json\/wp\/v2\/users\/20"}],"replies":[{"embeddable":true,"href":"https:\/\/www.zunoticia.com\/noticias-de-hidalgo\/wp-json\/wp\/v2\/comments?post=646554"}],"version-history":[{"count":1,"href":"https:\/\/www.zunoticia.com\/noticias-de-hidalgo\/wp-json\/wp\/v2\/posts\/646554\/revisions"}],"predecessor-version":[{"id":646556,"href":"https:\/\/www.zunoticia.com\/noticias-de-hidalgo\/wp-json\/wp\/v2\/posts\/646554\/revisions\/646556"}],"wp:featuredmedia":[{"embeddable":true,"href":"https:\/\/www.zunoticia.com\/noticias-de-hidalgo\/wp-json\/wp\/v2\/media\/646555"}],"wp:attachment":[{"href":"https:\/\/www.zunoticia.com\/noticias-de-hidalgo\/wp-json\/wp\/v2\/media?parent=646554"}],"wp:term":[{"taxonomy":"category","embeddable":true,"href":"https:\/\/www.zunoticia.com\/noticias-de-hidalgo\/wp-json\/wp\/v2\/categories?post=646554"},{"taxonomy":"post_tag","embeddable":true,"href":"https:\/\/www.zunoticia.com\/noticias-de-hidalgo\/wp-json\/wp\/v2\/tags?post=646554"}],"curies":[{"name":"wp","href":"https:\/\/api.w.org\/{rel}","templated":true}]}}