{"id":646557,"date":"2026-08-26T13:58:31","date_gmt":"2026-08-26T19:58:31","guid":{"rendered":"https:\/\/www.zunoticia.com\/noticias-de-hidalgo\/?p=646557"},"modified":"2026-08-26T13:58:32","modified_gmt":"2026-08-26T19:58:32","slug":"desaparecio-al-abordar-un-autobus-de-monterrey-a-huejutla","status":"publish","type":"post","link":"https:\/\/www.zunoticia.com\/noticias-de-hidalgo\/2026\/08\/26\/desaparecio-al-abordar-un-autobus-de-monterrey-a-huejutla\/","title":{"rendered":"Desapareci\u00f3 al abordar un autob\u00fas de Monterrey a Huejutla"},"content":{"rendered":"<aside class=\"mashsb-container mashsb-main mashsb-stretched\"><div class=\"mashsb-box\"><div class=\"mashsb-count mash-large\" style=\"&quot;\"><div class=\"counts mashsbcount\">0<\/div><span class=\"mashsb-sharetext\">SHARES<\/span><\/div><div class=\"mashsb-buttons\"><a class=\"mashicon-facebook mash-large mash-center mashsb-noshadow\" href=\"https:\/\/www.facebook.com\/sharer.php?u=https%3A%2F%2Fwww.zunoticia.com%2Fnoticias-de-hidalgo%2F2026%2F08%2F26%2Fdesaparecio-al-abordar-un-autobus-de-monterrey-a-huejutla%2F\" target=\"_top\" rel=\"nofollow\"><span class=\"icon\"><\/span><span class=\"text\">Share<\/span><\/a><a class=\"mashicon-twitter mash-large mash-center mashsb-noshadow\" href=\"https:\/\/twitter.com\/intent\/tweet?text=&amp;url=https:\/\/www.zunoticia.com\/noticias-de-hidalgo\/2026\/08\/26\/desaparecio-al-abordar-un-autobus-de-monterrey-a-huejutla\/\" target=\"_top\" rel=\"nofollow\"><span class=\"icon\"><\/span><span class=\"text\">Tweet<\/span><\/a><div class=\"onoffswitch2 mash-large mashsb-noshadow\" style=\"display:none\"><\/div><\/div>\n            <\/div>\n                <div style=\"clear:both\"><\/div><div class=\"mashsb-toggle-container\"><\/div><\/aside>\n            <!-- Share buttons by mashshare.net - Version: 4.0.47-->\n<p class=\"wp-block-paragraph\"><em>Por Roberto Meza Ram\u00edrez\/Zunoticia<\/em><\/p>\n\n\n\n<p class=\"wp-block-paragraph\"><strong>Huejutla, Hgo<\/strong>.- Un masculino de esta regi\u00f3n de la huasteca desapareci\u00f3 al viajar de Monterrey, Nuevo Le\u00f3n a Huejutla, por lo que sus familiares piden el apoyo de la poblaci\u00f3n en general para poder dar con el paradero de esta persona; as\u00ed mismo ya interpusieron una denuncia ante las autoridades ministeriales para que se investiguen los hechos.<\/p>\n\n\n\n<p class=\"wp-block-paragraph\">Se trata de V\u00edctor Hern\u00e1ndez Negrete, a quien se le vio abordar un autob\u00fas en Monterrey, del estado de Nuevo Le\u00f3n, el pasado 22 de agosto y desde ese d\u00eda no hay comunicaci\u00f3n con sus familiares; Se indica que ven\u00eda a esta ciudad, pero presuntamente ya no lleg\u00f3.<\/p>\n\n\n\n<p class=\"wp-block-paragraph\">Por lo que las autoridades de la Procuradur\u00eda General de Justicia de Hidalgo iniciaron las indagatorias, bajo el reporte FDBHGO 390\/2026 e iniciaron la difusi\u00f3n de su ficha de b\u00fasqueda para dar con su paradero. Mientras tanto, sus familiares recalcan a toda la ciudadan\u00eda para que brinde informes de esta persona, si es que la han visto, reportarla ante las autoridades correspondientes.<\/p>\n\n\n\n<p class=\"wp-block-paragraph\"><\/p>\n","protected":false},"excerpt":{"rendered":"<p>Por Roberto Meza Ram\u00edrez\/Zunoticia Huejutla, Hgo.- Un masculino de esta regi\u00f3n de la huasteca desapareci\u00f3 al viajar de Monterrey, Nuevo Le\u00f3n a Huejutla, por lo que sus familiares piden el apoyo de la poblaci\u00f3n en general para poder dar con el paradero de esta persona; as\u00ed mismo ya interpusieron una denuncia ante las autoridades ministeriales&hellip; <a class=\"more-link\" href=\"https:\/\/www.zunoticia.com\/noticias-de-hidalgo\/2026\/08\/26\/desaparecio-al-abordar-un-autobus-de-monterrey-a-huejutla\/\">Seguir leyendo <span class=\"screen-reader-text\">Desapareci\u00f3 al abordar un autob\u00fas de Monterrey a Huejutla<\/span><\/a><\/p>\n","protected":false},"author":20,"featured_media":646558,"comment_status":"open","ping_status":"open","sticky":false,"template":"","format":"standard","meta":{"rop_custom_images_group":[],"rop_custom_messages_group":[],"rop_publish_now":"initial","rop_publish_now_accounts":{"facebook_10159540855086992_322828327761733":""},"rop_publish_now_history":[],"rop_publish_now_status":"pending","footnotes":""},"categories":[178],"tags":[259],"class_list":["post-646557","post","type-post","status-publish","format-standard","has-post-thumbnail","hentry","category-policiaca","tag-policiaca","entry"],"_links":{"self":[{"href":"https:\/\/www.zunoticia.com\/noticias-de-hidalgo\/wp-json\/wp\/v2\/posts\/646557","targetHints":{"allow":["GET"]}}],"collection":[{"href":"https:\/\/www.zunoticia.com\/noticias-de-hidalgo\/wp-json\/wp\/v2\/posts"}],"about":[{"href":"https:\/\/www.zunoticia.com\/noticias-de-hidalgo\/wp-json\/wp\/v2\/types\/post"}],"author":[{"embeddable":true,"href":"https:\/\/www.zunoticia.com\/noticias-de-hidalgo\/wp-json\/wp\/v2\/users\/20"}],"replies":[{"embeddable":true,"href":"https:\/\/www.zunoticia.com\/noticias-de-hidalgo\/wp-json\/wp\/v2\/comments?post=646557"}],"version-history":[{"count":1,"href":"https:\/\/www.zunoticia.com\/noticias-de-hidalgo\/wp-json\/wp\/v2\/posts\/646557\/revisions"}],"predecessor-version":[{"id":646559,"href":"https:\/\/www.zunoticia.com\/noticias-de-hidalgo\/wp-json\/wp\/v2\/posts\/646557\/revisions\/646559"}],"wp:featuredmedia":[{"embeddable":true,"href":"https:\/\/www.zunoticia.com\/noticias-de-hidalgo\/wp-json\/wp\/v2\/media\/646558"}],"wp:attachment":[{"href":"https:\/\/www.zunoticia.com\/noticias-de-hidalgo\/wp-json\/wp\/v2\/media?parent=646557"}],"wp:term":[{"taxonomy":"category","embeddable":true,"href":"https:\/\/www.zunoticia.com\/noticias-de-hidalgo\/wp-json\/wp\/v2\/categories?post=646557"},{"taxonomy":"post_tag","embeddable":true,"href":"https:\/\/www.zunoticia.com\/noticias-de-hidalgo\/wp-json\/wp\/v2\/tags?post=646557"}],"curies":[{"name":"wp","href":"https:\/\/api.w.org\/{rel}","templated":true}]}}