{"id":646571,"date":"2026-08-26T14:41:19","date_gmt":"2026-08-26T20:41:19","guid":{"rendered":"https:\/\/www.zunoticia.com\/noticias-de-hidalgo\/?p=646571"},"modified":"2026-08-26T14:41:21","modified_gmt":"2026-08-26T20:41:21","slug":"caravana-cultural-reunira-musica-danza-y-tradicion-en-tenango-de-doria","status":"publish","type":"post","link":"https:\/\/www.zunoticia.com\/noticias-de-hidalgo\/2026\/08\/26\/caravana-cultural-reunira-musica-danza-y-tradicion-en-tenango-de-doria\/","title":{"rendered":"Caravana Cultural reunir\u00e1 m\u00fasica, danza y tradici\u00f3n en Tenango de Doria"},"content":{"rendered":"<aside class=\"mashsb-container mashsb-main mashsb-stretched\"><div class=\"mashsb-box\"><div class=\"mashsb-count mash-large\" style=\"&quot;\"><div class=\"counts mashsbcount\">0<\/div><span class=\"mashsb-sharetext\">SHARES<\/span><\/div><div class=\"mashsb-buttons\"><a class=\"mashicon-facebook mash-large mash-center mashsb-noshadow\" href=\"https:\/\/www.facebook.com\/sharer.php?u=https%3A%2F%2Fwww.zunoticia.com%2Fnoticias-de-hidalgo%2F2026%2F08%2F26%2Fcaravana-cultural-reunira-musica-danza-y-tradicion-en-tenango-de-doria%2F\" target=\"_top\" rel=\"nofollow\"><span class=\"icon\"><\/span><span class=\"text\">Share<\/span><\/a><a class=\"mashicon-twitter mash-large mash-center mashsb-noshadow\" href=\"https:\/\/twitter.com\/intent\/tweet?text=&amp;url=https:\/\/www.zunoticia.com\/noticias-de-hidalgo\/2026\/08\/26\/caravana-cultural-reunira-musica-danza-y-tradicion-en-tenango-de-doria\/\" target=\"_top\" rel=\"nofollow\"><span class=\"icon\"><\/span><span class=\"text\">Tweet<\/span><\/a><div class=\"onoffswitch2 mash-large mashsb-noshadow\" style=\"display:none\"><\/div><\/div>\n            <\/div>\n                <div style=\"clear:both\"><\/div><div class=\"mashsb-toggle-container\"><\/div><\/aside>\n            <!-- Share buttons by mashshare.net - Version: 4.0.47-->\n<ul class=\"wp-block-list\">\n<li>La programaci\u00f3n contempla actividades para el encuentro y disfrute de las familias<\/li>\n<\/ul>\n\n\n\n<p class=\"wp-block-paragraph\"><em>Por Redacci\u00f3n\/Zunoticia<\/em><\/p>\n\n\n\n<p class=\"wp-block-paragraph\"><strong>Pachuca de Soto, Hgo<\/strong>.- Este viernes 28 de agosto, la Caravana Cultural llegar\u00e1 a Tenango de Doria con una jornada que reunir\u00e1 expresiones art\u00edsticas en la explanada municipal, ubicada en el centro de la cabecera.<\/p>\n\n\n\n<p class=\"wp-block-paragraph\">A las 17:15 horas, para dar muestra de la riqueza y diversidad de las tradiciones de la regi\u00f3n, Danza de la Flor abrir\u00e1 las presentaciones, seguida por Danza Adoraci\u00f3n al Cerro Sagrado a las 17:25 horas.<\/p>\n\n\n\n<p class=\"wp-block-paragraph\">M\u00e1s adelante, el Mariachi Femenil Perla Hidalguense subir\u00e1 al escenario a las 17:40 horas; mientras que, a las 18:30 horas, ser\u00e1 el turno de El Son de Lim\u00f3n M\u00fasica Tradicional Mexicana, para cerrar con el talento de Los Pr\u00edncipes Tr\u00edo a las 19:45 horas.<\/p>\n\n\n\n<p class=\"wp-block-paragraph\">Mediante este encuentro se busca acercar distintas manifestaciones art\u00edsticas a las comunidades y, al mismo tiempo, brindar espacios a agrupaciones y exponentes que mantienen vivas expresiones tradicionales y contempor\u00e1neas.<\/p>\n\n\n\n<p class=\"wp-block-paragraph\">De esta manera, se ampl\u00edan las posibilidades de acceso y participaci\u00f3n en la vida art\u00edstica de las distintas regiones, adem\u00e1s de propiciar la convivencia entre p\u00fablicos y comunidades.<\/p>\n\n\n\n<p class=\"wp-block-paragraph\">Para conocer la cartelera y las pr\u00f3ximas sedes, se invita a consultar las redes sociales oficiales de la Secretar\u00eda de Cultura.<\/p>\n\n\n\n<p class=\"wp-block-paragraph\">Como parte de la pol\u00edtica impulsada por el gobernador Julio Menchaca Salazar, la dependencia encabezada por Neyda Naranjo Baltazar fortalece el acceso a los derechos culturales mediante acciones que acercan las artes y las expresiones tradicionales a las localidades de Hidalgo.<\/p>\n\n\n\n<figure class=\"wp-block-image size-large\"><img fetchpriority=\"high\" decoding=\"async\" width=\"1024\" height=\"538\" src=\"https:\/\/www.zunoticia.com\/noticias-de-hidalgo\/wp-content\/uploads\/2026\/08\/Zunoticia.com-1-201-1024x538.png\" alt=\"\" class=\"wp-image-646573\" srcset=\"https:\/\/www.zunoticia.com\/noticias-de-hidalgo\/wp-content\/uploads\/2026\/08\/Zunoticia.com-1-201-1024x538.png 1024w, https:\/\/www.zunoticia.com\/noticias-de-hidalgo\/wp-content\/uploads\/2026\/08\/Zunoticia.com-1-201-300x158.png 300w, https:\/\/www.zunoticia.com\/noticias-de-hidalgo\/wp-content\/uploads\/2026\/08\/Zunoticia.com-1-201-768x403.png 768w, https:\/\/www.zunoticia.com\/noticias-de-hidalgo\/wp-content\/uploads\/2026\/08\/Zunoticia.com-1-201.png 1200w\" sizes=\"(max-width: 1024px) 100vw, 1024px\" \/><\/figure>\n","protected":false},"excerpt":{"rendered":"<p>Por Redacci\u00f3n\/Zunoticia Pachuca de Soto, Hgo.- Este viernes 28 de agosto, la Caravana Cultural llegar\u00e1 a Tenango de Doria con una jornada que reunir\u00e1 expresiones art\u00edsticas en la explanada municipal, ubicada en el centro de la cabecera. A las 17:15 horas, para dar muestra de la riqueza y diversidad de las tradiciones de la regi\u00f3n,&hellip; <a class=\"more-link\" href=\"https:\/\/www.zunoticia.com\/noticias-de-hidalgo\/2026\/08\/26\/caravana-cultural-reunira-musica-danza-y-tradicion-en-tenango-de-doria\/\">Seguir leyendo <span class=\"screen-reader-text\">Caravana Cultural reunir\u00e1 m\u00fasica, danza y tradici\u00f3n en Tenango de Doria<\/span><\/a><\/p>\n","protected":false},"author":20,"featured_media":646572,"comment_status":"open","ping_status":"open","sticky":false,"template":"","format":"standard","meta":{"rop_custom_images_group":[],"rop_custom_messages_group":[],"rop_publish_now":"initial","rop_publish_now_accounts":{"facebook_10159540855086992_322828327761733":""},"rop_publish_now_history":[],"rop_publish_now_status":"pending","footnotes":""},"categories":[208],"tags":[214],"class_list":["post-646571","post","type-post","status-publish","format-standard","has-post-thumbnail","hentry","category-estado","tag-estado","entry"],"_links":{"self":[{"href":"https:\/\/www.zunoticia.com\/noticias-de-hidalgo\/wp-json\/wp\/v2\/posts\/646571","targetHints":{"allow":["GET"]}}],"collection":[{"href":"https:\/\/www.zunoticia.com\/noticias-de-hidalgo\/wp-json\/wp\/v2\/posts"}],"about":[{"href":"https:\/\/www.zunoticia.com\/noticias-de-hidalgo\/wp-json\/wp\/v2\/types\/post"}],"author":[{"embeddable":true,"href":"https:\/\/www.zunoticia.com\/noticias-de-hidalgo\/wp-json\/wp\/v2\/users\/20"}],"replies":[{"embeddable":true,"href":"https:\/\/www.zunoticia.com\/noticias-de-hidalgo\/wp-json\/wp\/v2\/comments?post=646571"}],"version-history":[{"count":1,"href":"https:\/\/www.zunoticia.com\/noticias-de-hidalgo\/wp-json\/wp\/v2\/posts\/646571\/revisions"}],"predecessor-version":[{"id":646574,"href":"https:\/\/www.zunoticia.com\/noticias-de-hidalgo\/wp-json\/wp\/v2\/posts\/646571\/revisions\/646574"}],"wp:featuredmedia":[{"embeddable":true,"href":"https:\/\/www.zunoticia.com\/noticias-de-hidalgo\/wp-json\/wp\/v2\/media\/646572"}],"wp:attachment":[{"href":"https:\/\/www.zunoticia.com\/noticias-de-hidalgo\/wp-json\/wp\/v2\/media?parent=646571"}],"wp:term":[{"taxonomy":"category","embeddable":true,"href":"https:\/\/www.zunoticia.com\/noticias-de-hidalgo\/wp-json\/wp\/v2\/categories?post=646571"},{"taxonomy":"post_tag","embeddable":true,"href":"https:\/\/www.zunoticia.com\/noticias-de-hidalgo\/wp-json\/wp\/v2\/tags?post=646571"}],"curies":[{"name":"wp","href":"https:\/\/api.w.org\/{rel}","templated":true}]}}