{"id":646578,"date":"2026-08-26T14:51:29","date_gmt":"2026-08-26T20:51:29","guid":{"rendered":"https:\/\/www.zunoticia.com\/noticias-de-hidalgo\/?p=646578"},"modified":"2026-08-26T14:51:31","modified_gmt":"2026-08-26T20:51:31","slug":"realizaran-feria-del-emprendimiento-para-personas-con-discapacidad","status":"publish","type":"post","link":"https:\/\/www.zunoticia.com\/noticias-de-hidalgo\/2026\/08\/26\/realizaran-feria-del-emprendimiento-para-personas-con-discapacidad\/","title":{"rendered":"Realizar\u00e1n Feria del Emprendimiento\u00a0para Personas con Discapacidad"},"content":{"rendered":"<aside class=\"mashsb-container mashsb-main mashsb-stretched\"><div class=\"mashsb-box\"><div class=\"mashsb-count mash-large\" style=\"&quot;\"><div class=\"counts mashsbcount\">0<\/div><span class=\"mashsb-sharetext\">SHARES<\/span><\/div><div class=\"mashsb-buttons\"><a class=\"mashicon-facebook mash-large mash-center mashsb-noshadow\" href=\"https:\/\/www.facebook.com\/sharer.php?u=https%3A%2F%2Fwww.zunoticia.com%2Fnoticias-de-hidalgo%2F2026%2F08%2F26%2Frealizaran-feria-del-emprendimiento-para-personas-con-discapacidad%2F\" target=\"_top\" rel=\"nofollow\"><span class=\"icon\"><\/span><span class=\"text\">Share<\/span><\/a><a class=\"mashicon-twitter mash-large mash-center mashsb-noshadow\" href=\"https:\/\/twitter.com\/intent\/tweet?text=&amp;url=https:\/\/www.zunoticia.com\/noticias-de-hidalgo\/2026\/08\/26\/realizaran-feria-del-emprendimiento-para-personas-con-discapacidad\/\" target=\"_top\" rel=\"nofollow\"><span class=\"icon\"><\/span><span class=\"text\">Tweet<\/span><\/a><div class=\"onoffswitch2 mash-large mashsb-noshadow\" style=\"display:none\"><\/div><\/div>\n            <\/div>\n                <div style=\"clear:both\"><\/div><div class=\"mashsb-toggle-container\"><\/div><\/aside>\n            <!-- Share buttons by mashshare.net - Version: 4.0.47-->\n<ul class=\"wp-block-list\">\n<li>Reconoce talento y apoya la econom\u00eda de las familias<\/li>\n<\/ul>\n\n\n\n<p class=\"wp-block-paragraph\"><em>Por Redacci\u00f3n\/Zunoticia<\/em><\/p>\n\n\n\n<p class=\"wp-block-paragraph\"><strong>Pachuca de Soto, Hgo.-<\/strong> Con el objetivo de facilitar espacios que ayuden a la consecuci\u00f3n de una mejor calidad de vida para las y los hidalguenses la Secretar\u00eda de Bienestar e Inclusi\u00f3n Social (Sebiso), llevar\u00e1 a cabo la Feria del Emprendimiento de Personas con Discapacidad y Personas Cuidadoras, la cual se realizar\u00e1 el domingo 30 de agosto en el Parque Hidalgo de Pachuca.<\/p>\n\n\n\n<p class=\"wp-block-paragraph\">Esta actividad se lleva a cabo a trav\u00e9s de la Direcci\u00f3n General de Inclusi\u00f3n para las Personas con Discapacidad, cuyo titular es Alfonso Hayyim Flores Barrera, quien invita a la poblaci\u00f3n en general a acudir y participar en las actividades programadas 10:00 a 17:00 horas.<\/p>\n\n\n\n<p class=\"wp-block-paragraph\">Este encuentro con sentido social abre sus puertas tanto a las familias hidalguenses que desean respaldar el consumo local e inclusivo, como a las y los emprendedores que buscan una plataforma para dar a conocer sus productos.&nbsp;<\/p>\n\n\n\n<p class=\"wp-block-paragraph\">Al ofrecer un espacio digno y totalmente gratuito en un punto de alta concurrencia, la iniciativa permite a las personas expositoras incrementar sus ventas, ampliar su cartera de clientes y generar ingresos extras que fortalecen de manera directa la econom\u00eda de sus hogares, como ha sido inter\u00e9s del gobernador Julio Menchaca Salazar.<\/p>\n\n\n\n<figure class=\"wp-block-image size-large\"><img fetchpriority=\"high\" decoding=\"async\" width=\"1024\" height=\"538\" src=\"https:\/\/www.zunoticia.com\/noticias-de-hidalgo\/wp-content\/uploads\/2026\/08\/2-42-1024x538.png\" alt=\"\" class=\"wp-image-646580\" srcset=\"https:\/\/www.zunoticia.com\/noticias-de-hidalgo\/wp-content\/uploads\/2026\/08\/2-42-1024x538.png 1024w, https:\/\/www.zunoticia.com\/noticias-de-hidalgo\/wp-content\/uploads\/2026\/08\/2-42-300x158.png 300w, https:\/\/www.zunoticia.com\/noticias-de-hidalgo\/wp-content\/uploads\/2026\/08\/2-42-768x403.png 768w, https:\/\/www.zunoticia.com\/noticias-de-hidalgo\/wp-content\/uploads\/2026\/08\/2-42.png 1200w\" sizes=\"(max-width: 1024px) 100vw, 1024px\" \/><\/figure>\n\n\n\n<p class=\"wp-block-paragraph\">\u201cPara la transformaci\u00f3n de Hidalgo es fundamental abrir espacios inclusivos donde el talento y el esfuerzo sean reconocidos. Siguiendo el liderazgo de nuestro titular, Ricardo G\u00f3mez, impulsamos tanto el autoempleo de nuestras y nuestros emprendedores como el respaldo de la comunidad que acude a consumir lo hecho en el estado\u201d, destac\u00f3 Flores Barrera.<\/p>\n\n\n\n<p class=\"wp-block-paragraph\">Para quienes deseen sumarse como expositores o expositoras, se recuerda que el cupo es limitado, por lo que es indispensable realizar un registro completando el formulario disponible en el enlace <a href=\"https:\/\/n9.cl\/5ty6oz\">https:\/\/n9.cl\/5ty6oz<\/a><\/p>\n\n\n\n<p class=\"wp-block-paragraph\">Para mayores informes sobre la asistencia o la participaci\u00f3n en los m\u00f3dulos, la ciudadan\u00eda pueden consultarse las redes sociales oficiales de la Direcci\u00f3n General de Inclusi\u00f3n para las Personas con Discapacidad o comunicarse al tel\u00e9fono 771 717 6000, extensi\u00f3n 4491.<\/p>\n","protected":false},"excerpt":{"rendered":"<p>Por Redacci\u00f3n\/Zunoticia Pachuca de Soto, Hgo.- Con el objetivo de facilitar espacios que ayuden a la consecuci\u00f3n de una mejor calidad de vida para las y los hidalguenses la Secretar\u00eda de Bienestar e Inclusi\u00f3n Social (Sebiso), llevar\u00e1 a cabo la Feria del Emprendimiento de Personas con Discapacidad y Personas Cuidadoras, la cual se realizar\u00e1 el&hellip; <a class=\"more-link\" href=\"https:\/\/www.zunoticia.com\/noticias-de-hidalgo\/2026\/08\/26\/realizaran-feria-del-emprendimiento-para-personas-con-discapacidad\/\">Seguir leyendo <span class=\"screen-reader-text\">Realizar\u00e1n Feria del Emprendimiento\u00a0para Personas con Discapacidad<\/span><\/a><\/p>\n","protected":false},"author":20,"featured_media":646579,"comment_status":"open","ping_status":"open","sticky":false,"template":"","format":"standard","meta":{"rop_custom_images_group":[],"rop_custom_messages_group":[],"rop_publish_now":"initial","rop_publish_now_accounts":{"facebook_10159540855086992_322828327761733":""},"rop_publish_now_history":[],"rop_publish_now_status":"pending","footnotes":""},"categories":[208],"tags":[214],"class_list":["post-646578","post","type-post","status-publish","format-standard","has-post-thumbnail","hentry","category-estado","tag-estado","entry"],"_links":{"self":[{"href":"https:\/\/www.zunoticia.com\/noticias-de-hidalgo\/wp-json\/wp\/v2\/posts\/646578","targetHints":{"allow":["GET"]}}],"collection":[{"href":"https:\/\/www.zunoticia.com\/noticias-de-hidalgo\/wp-json\/wp\/v2\/posts"}],"about":[{"href":"https:\/\/www.zunoticia.com\/noticias-de-hidalgo\/wp-json\/wp\/v2\/types\/post"}],"author":[{"embeddable":true,"href":"https:\/\/www.zunoticia.com\/noticias-de-hidalgo\/wp-json\/wp\/v2\/users\/20"}],"replies":[{"embeddable":true,"href":"https:\/\/www.zunoticia.com\/noticias-de-hidalgo\/wp-json\/wp\/v2\/comments?post=646578"}],"version-history":[{"count":1,"href":"https:\/\/www.zunoticia.com\/noticias-de-hidalgo\/wp-json\/wp\/v2\/posts\/646578\/revisions"}],"predecessor-version":[{"id":646581,"href":"https:\/\/www.zunoticia.com\/noticias-de-hidalgo\/wp-json\/wp\/v2\/posts\/646578\/revisions\/646581"}],"wp:featuredmedia":[{"embeddable":true,"href":"https:\/\/www.zunoticia.com\/noticias-de-hidalgo\/wp-json\/wp\/v2\/media\/646579"}],"wp:attachment":[{"href":"https:\/\/www.zunoticia.com\/noticias-de-hidalgo\/wp-json\/wp\/v2\/media?parent=646578"}],"wp:term":[{"taxonomy":"category","embeddable":true,"href":"https:\/\/www.zunoticia.com\/noticias-de-hidalgo\/wp-json\/wp\/v2\/categories?post=646578"},{"taxonomy":"post_tag","embeddable":true,"href":"https:\/\/www.zunoticia.com\/noticias-de-hidalgo\/wp-json\/wp\/v2\/tags?post=646578"}],"curies":[{"name":"wp","href":"https:\/\/api.w.org\/{rel}","templated":true}]}}