{"id":646616,"date":"2026-08-26T17:41:55","date_gmt":"2026-08-26T23:41:55","guid":{"rendered":"https:\/\/www.zunoticia.com\/noticias-de-hidalgo\/?p=646616"},"modified":"2026-08-26T17:41:56","modified_gmt":"2026-08-26T23:41:56","slug":"hidalgo-sera-sede-del-10-o-coloquio-internacional-de-historia-y-costumbres-funerarias","status":"publish","type":"post","link":"https:\/\/www.zunoticia.com\/noticias-de-hidalgo\/2026\/08\/26\/hidalgo-sera-sede-del-10-o-coloquio-internacional-de-historia-y-costumbres-funerarias\/","title":{"rendered":"Hidalgo ser\u00e1 sede del 10.\u00ba Coloquio Internacional de Historia y Costumbres Funerarias"},"content":{"rendered":"<aside class=\"mashsb-container mashsb-main mashsb-stretched\"><div class=\"mashsb-box\"><div class=\"mashsb-count mash-large\" style=\"&quot;\"><div class=\"counts mashsbcount\">0<\/div><span class=\"mashsb-sharetext\">SHARES<\/span><\/div><div class=\"mashsb-buttons\"><a class=\"mashicon-facebook mash-large mash-center mashsb-noshadow\" href=\"https:\/\/www.facebook.com\/sharer.php?u=https%3A%2F%2Fwww.zunoticia.com%2Fnoticias-de-hidalgo%2F2026%2F08%2F26%2Fhidalgo-sera-sede-del-10-o-coloquio-internacional-de-historia-y-costumbres-funerarias%2F\" target=\"_top\" rel=\"nofollow\"><span class=\"icon\"><\/span><span class=\"text\">Share<\/span><\/a><a class=\"mashicon-twitter mash-large mash-center mashsb-noshadow\" href=\"https:\/\/twitter.com\/intent\/tweet?text=&amp;url=https:\/\/www.zunoticia.com\/noticias-de-hidalgo\/2026\/08\/26\/hidalgo-sera-sede-del-10-o-coloquio-internacional-de-historia-y-costumbres-funerarias\/\" target=\"_top\" rel=\"nofollow\"><span class=\"icon\"><\/span><span class=\"text\">Tweet<\/span><\/a><div class=\"onoffswitch2 mash-large mashsb-noshadow\" style=\"display:none\"><\/div><\/div>\n            <\/div>\n                <div style=\"clear:both\"><\/div><div class=\"mashsb-toggle-container\"><\/div><\/aside>\n            <!-- Share buttons by mashshare.net - Version: 4.0.47-->\n<ul class=\"wp-block-list\">\n<li>El encuentro reunir\u00e1 un aproximado de 50 ponencias del 9 al 11 de septiembre en dos sedes de Pachuca<\/li>\n<\/ul>\n\n\n\n<p class=\"wp-block-paragraph\"><em>Por Redacci\u00f3n\/Zunoticia<\/em><\/p>\n\n\n\n<p class=\"wp-block-paragraph\"><strong>Pachuca de Soto, Hgo<\/strong>.- La Secretar\u00eda de Cultura del Estado de Hidalgo y el Centro INAH Hidalgo presentaron el 10.\u00ba Coloquio Internacional de Historia, Arquitectura, Escultura, Urbanismo y Costumbres Funerarias, que reunir\u00e1 alrededor de 50 ponencias del mi\u00e9rcoles 9 al viernes 11 de septiembre en Pachuca de Soto.<\/p>\n\n\n\n<p class=\"wp-block-paragraph\">El encuentro tendr\u00e1 dos sedes: el Auditorio Salvador Toscano, del Centro INAH Hidalgo, y el Auditorio Abundio Mart\u00ednez. Es la primera vez en diez a\u00f1os que el coloquio requiere m\u00e1s de un recinto, debido al n\u00famero de ponencias recibidas.<\/p>\n\n\n\n<p class=\"wp-block-paragraph\">Las jornadas ser\u00e1n hibridas: adem\u00e1s de la asistencia presencial, se transmitir\u00e1n por las redes del gobierno del estado y por INAH TV, con posibilidad de que el p\u00fablico en l\u00ednea formule preguntas.<\/p>\n\n\n\n<p class=\"wp-block-paragraph\">\u201cLa preservaci\u00f3n del patrimonio requiere necesariamente el trabajo conjunto entre instituciones, especialistas, investigadores, comunidades y la sociedad en general\u201d, se\u00f1al\u00f3 la secretaria de Cultura, Neyda Naranjo Baltazar, durante la conferencia de prensa realizada en el Centro Cultural del Ferrocarril.<\/p>\n\n\n\n<p class=\"wp-block-paragraph\">La coordinadora del coloquio, Ethel Herrera Moreno, investigadora de la Coordinaci\u00f3n Nacional de Monumentos Hist\u00f3ricos del INAH, inform\u00f3 que el programa se organiz\u00f3 en diez mesas tem\u00e1ticas y que participar\u00e1n especialistas de Argentina, Brasil, Colombia, Guatemala y Per\u00fa, as\u00ed como de 14 entidades de la Rep\u00fablica.<\/p>\n\n\n\n<figure class=\"wp-block-image size-large\"><img fetchpriority=\"high\" decoding=\"async\" width=\"1024\" height=\"538\" src=\"https:\/\/www.zunoticia.com\/noticias-de-hidalgo\/wp-content\/uploads\/2026\/08\/1-45-1024x538.png\" alt=\"\" class=\"wp-image-646618\" srcset=\"https:\/\/www.zunoticia.com\/noticias-de-hidalgo\/wp-content\/uploads\/2026\/08\/1-45-1024x538.png 1024w, https:\/\/www.zunoticia.com\/noticias-de-hidalgo\/wp-content\/uploads\/2026\/08\/1-45-300x158.png 300w, https:\/\/www.zunoticia.com\/noticias-de-hidalgo\/wp-content\/uploads\/2026\/08\/1-45-768x403.png 768w, https:\/\/www.zunoticia.com\/noticias-de-hidalgo\/wp-content\/uploads\/2026\/08\/1-45.png 1200w\" sizes=\"(max-width: 1024px) 100vw, 1024px\" \/><\/figure>\n\n\n\n<p class=\"wp-block-paragraph\">El director del Centro INAH Hidalgo, Manuel Villarruel V\u00e1zquez, destac\u00f3 que los panteones son repositorios de memoria al aire libre y record\u00f3 que en la entidad se encuentran recintos como el Pante\u00f3n Ingl\u00e9s de Real del Monte, el de Huichapan, el de Zimap\u00e1n, el de Tula y el pante\u00f3n hist\u00f3rico de Pachuca.<\/p>\n\n\n\n<p class=\"wp-block-paragraph\">Como actividad complementaria se contempla un recorrido por el Pante\u00f3n de Pachuca y el Pante\u00f3n Ingl\u00e9s de Real del Monte, con cupo limitado y transporte gestionado. Sus detalles se dar\u00e1n a conocer junto con el programa oficial.<\/p>\n\n\n\n<p class=\"wp-block-paragraph\">El director general de Patrimonio Cultural de la Secretar\u00eda de Cultura del Estado de Hidalgo, Luis Francisco S\u00e1nchez Fonseca, se\u00f1al\u00f3 que este patrimonio abarca tambi\u00e9n documentos, fotograf\u00edas, relatos y pr\u00e1cticas comunitarias, e incluye las cosmovisiones de los pueblos ind\u00edgenas del estado de Hidalgo.<\/p>\n\n\n\n<p class=\"wp-block-paragraph\">El coloquio es gratuito y est\u00e1 dirigido a estudiantes, gestores culturales, investigadores y p\u00fablico en general de esta manera, se entregar\u00e1 constancia con valor curricular. Participan el INAH, el gobierno del estado, el Icomos Mexicano, la Red Iberoamericana de Valoraci\u00f3n y Gesti\u00f3n de Cementerios Patrimoniales, la UNAM, la UAM y Amigos Protectores del Pante\u00f3n Civil de Dolores.<\/p>\n\n\n\n<p class=\"wp-block-paragraph\">Con el respaldo del gobernador Julio Menchaca Salazar, la Secretar\u00eda de Cultura, encabezada por Neyda Naranjo Baltazar, impulsa la colaboraci\u00f3n con instituciones federales y acad\u00e9micas para que el patrimonio funerario de Hidalgo sea investigado, conocido y conservado.<\/p>\n","protected":false},"excerpt":{"rendered":"<p>Por Redacci\u00f3n\/Zunoticia Pachuca de Soto, Hgo.- La Secretar\u00eda de Cultura del Estado de Hidalgo y el Centro INAH Hidalgo presentaron el 10.\u00ba Coloquio Internacional de Historia, Arquitectura, Escultura, Urbanismo y Costumbres Funerarias, que reunir\u00e1 alrededor de 50 ponencias del mi\u00e9rcoles 9 al viernes 11 de septiembre en Pachuca de Soto. El encuentro tendr\u00e1 dos sedes:&hellip; <a class=\"more-link\" href=\"https:\/\/www.zunoticia.com\/noticias-de-hidalgo\/2026\/08\/26\/hidalgo-sera-sede-del-10-o-coloquio-internacional-de-historia-y-costumbres-funerarias\/\">Seguir leyendo <span class=\"screen-reader-text\">Hidalgo ser\u00e1 sede del 10.\u00ba Coloquio Internacional de Historia y Costumbres Funerarias<\/span><\/a><\/p>\n","protected":false},"author":20,"featured_media":646617,"comment_status":"open","ping_status":"open","sticky":false,"template":"","format":"standard","meta":{"rop_custom_images_group":[],"rop_custom_messages_group":[],"rop_publish_now":"initial","rop_publish_now_accounts":{"facebook_10159540855086992_322828327761733":""},"rop_publish_now_history":[],"rop_publish_now_status":"pending","footnotes":""},"categories":[208],"tags":[214],"class_list":["post-646616","post","type-post","status-publish","format-standard","has-post-thumbnail","hentry","category-estado","tag-estado","entry"],"_links":{"self":[{"href":"https:\/\/www.zunoticia.com\/noticias-de-hidalgo\/wp-json\/wp\/v2\/posts\/646616","targetHints":{"allow":["GET"]}}],"collection":[{"href":"https:\/\/www.zunoticia.com\/noticias-de-hidalgo\/wp-json\/wp\/v2\/posts"}],"about":[{"href":"https:\/\/www.zunoticia.com\/noticias-de-hidalgo\/wp-json\/wp\/v2\/types\/post"}],"author":[{"embeddable":true,"href":"https:\/\/www.zunoticia.com\/noticias-de-hidalgo\/wp-json\/wp\/v2\/users\/20"}],"replies":[{"embeddable":true,"href":"https:\/\/www.zunoticia.com\/noticias-de-hidalgo\/wp-json\/wp\/v2\/comments?post=646616"}],"version-history":[{"count":1,"href":"https:\/\/www.zunoticia.com\/noticias-de-hidalgo\/wp-json\/wp\/v2\/posts\/646616\/revisions"}],"predecessor-version":[{"id":646619,"href":"https:\/\/www.zunoticia.com\/noticias-de-hidalgo\/wp-json\/wp\/v2\/posts\/646616\/revisions\/646619"}],"wp:featuredmedia":[{"embeddable":true,"href":"https:\/\/www.zunoticia.com\/noticias-de-hidalgo\/wp-json\/wp\/v2\/media\/646617"}],"wp:attachment":[{"href":"https:\/\/www.zunoticia.com\/noticias-de-hidalgo\/wp-json\/wp\/v2\/media?parent=646616"}],"wp:term":[{"taxonomy":"category","embeddable":true,"href":"https:\/\/www.zunoticia.com\/noticias-de-hidalgo\/wp-json\/wp\/v2\/categories?post=646616"},{"taxonomy":"post_tag","embeddable":true,"href":"https:\/\/www.zunoticia.com\/noticias-de-hidalgo\/wp-json\/wp\/v2\/tags?post=646616"}],"curies":[{"name":"wp","href":"https:\/\/api.w.org\/{rel}","templated":true}]}}