{"id":646631,"date":"2026-08-26T18:09:27","date_gmt":"2026-08-27T00:09:27","guid":{"rendered":"https:\/\/www.zunoticia.com\/noticias-de-hidalgo\/?p=646631"},"modified":"2026-08-26T18:09:29","modified_gmt":"2026-08-27T00:09:29","slug":"seph-consolida-la-planeacion-academica-para-el-ciclo-escolar-2026-2027","status":"publish","type":"post","link":"https:\/\/www.zunoticia.com\/noticias-de-hidalgo\/2026\/08\/26\/seph-consolida-la-planeacion-academica-para-el-ciclo-escolar-2026-2027\/","title":{"rendered":"SEPH consolida la planeaci\u00f3n acad\u00e9mica para el ciclo escolar 2026-2027"},"content":{"rendered":"<aside class=\"mashsb-container mashsb-main mashsb-stretched\"><div class=\"mashsb-box\"><div class=\"mashsb-count mash-large\" style=\"&quot;\"><div class=\"counts mashsbcount\">0<\/div><span class=\"mashsb-sharetext\">SHARES<\/span><\/div><div class=\"mashsb-buttons\"><a class=\"mashicon-facebook mash-large mash-center mashsb-noshadow\" href=\"https:\/\/www.facebook.com\/sharer.php?u=https%3A%2F%2Fwww.zunoticia.com%2Fnoticias-de-hidalgo%2F2026%2F08%2F26%2Fseph-consolida-la-planeacion-academica-para-el-ciclo-escolar-2026-2027%2F\" target=\"_top\" rel=\"nofollow\"><span class=\"icon\"><\/span><span class=\"text\">Share<\/span><\/a><a class=\"mashicon-twitter mash-large mash-center mashsb-noshadow\" href=\"https:\/\/twitter.com\/intent\/tweet?text=&amp;url=https:\/\/www.zunoticia.com\/noticias-de-hidalgo\/2026\/08\/26\/seph-consolida-la-planeacion-academica-para-el-ciclo-escolar-2026-2027\/\" target=\"_top\" rel=\"nofollow\"><span class=\"icon\"><\/span><span class=\"text\">Tweet<\/span><\/a><div class=\"onoffswitch2 mash-large mashsb-noshadow\" style=\"display:none\"><\/div><\/div>\n            <\/div>\n                <div style=\"clear:both\"><\/div><div class=\"mashsb-toggle-container\"><\/div><\/aside>\n            <!-- Share buttons by mashshare.net - Version: 4.0.47-->\n<ul class=\"wp-block-list\">\n<li>Las acciones buscan fortalecer el aprendizaje, bienestar y desarrollo integral de ni\u00f1as, ni\u00f1os y adolescentes de Hidalgo<\/li>\n<\/ul>\n\n\n\n<p class=\"wp-block-paragraph\"><em>Por Redacci\u00f3n\/Zunoticia<\/em><\/p>\n\n\n\n<p class=\"wp-block-paragraph\"><strong>Pachuca de Soto, Hgo.-<\/strong> De cara al ciclo escolar 2026-2027, la Secretar\u00eda de Educaci\u00f3n P\u00fablica de Hidalgo (SEPH) fortalece la coordinaci\u00f3n y planeaci\u00f3n acad\u00e9mica de la educaci\u00f3n b\u00e1sica, mediante acciones orientadas a acompa\u00f1ar el trabajo de las comunidades educativas en el estado.&nbsp;<\/p>\n\n\n\n<p class=\"wp-block-paragraph\">En representaci\u00f3n del secretario de la SEPH, Natividad Castrej\u00f3n Valdez, la subsecretaria de Educaci\u00f3n B\u00e1sica, Nancy Adriana Le\u00f3n Vite, particip\u00f3 en una Reuni\u00f3n Estatal del Consejo T\u00e9cnico Escolar (CTE), en su fase intensiva, con la participaci\u00f3n de subdirectoras y subdirectores acad\u00e9micos de los distintos niveles de educaci\u00f3n b\u00e1sica.<\/p>\n\n\n\n<p class=\"wp-block-paragraph\">El encuentro permiti\u00f3 revisar y articular las acciones que acompa\u00f1ar\u00e1n el trabajo de las comunidades educativas durante el nuevo ciclo escolar, con \u00e9nfasis en la organizaci\u00f3n, planeaci\u00f3n acad\u00e9mica, aprendizaje y bienestar de las y los estudiantes.<\/p>\n\n\n\n<p class=\"wp-block-paragraph\">Durante la jornada se analizaron temas prioritarios como la Gu\u00eda Operativa para la Organizaci\u00f3n y Funcionamiento de las Escuelas, los Ejercicios Integradores del Aprendizaje, encuestas nacionales, maratones de lectura, jornadas nacionales por la paz y contra las adicciones, as\u00ed como el Sistema de Alerta Temprana (SisAT).<\/p>\n\n\n\n<p class=\"wp-block-paragraph\">Tambi\u00e9n se revisaron las estrategias nacionales \u201cVive Saludable, Vive Feliz\u201d, \u201cEl ABC de las Emociones\u201d y \u201cEl Emocionario\u201d, adem\u00e1s de acciones para fortalecer la prevenci\u00f3n del abuso sexual y el maltrato infantil, con el prop\u00f3sito de contribuir a la construcci\u00f3n de entornos escolares seguros, saludables y favorables para el desarrollo integral de ni\u00f1as, ni\u00f1os y adolescentes.<\/p>\n\n\n\n<p class=\"wp-block-paragraph\">La reuni\u00f3n fue coordinada con la Direcci\u00f3n General de Educaci\u00f3n B\u00e1sica, a cargo de Leobardo Cano Albarr\u00e1n, y conducida por la directora de Operaci\u00f3n para la Mejora Continua de la Educaci\u00f3n, Grissel Mart\u00ednez Aguilar.<\/p>\n\n\n\n<p class=\"wp-block-paragraph\">Con estas acciones, la SEPH fortalece la coordinaci\u00f3n entre las distintas \u00e1reas y niveles de educaci\u00f3n b\u00e1sica para consolidar una planeaci\u00f3n acad\u00e9mica que contribuya al aprendizaje, bienestar y desarrollo integral de las comunidades educativas de Hidalgo durante el ciclo escolar 2026-2027.<\/p>\n\n\n\n<p class=\"wp-block-paragraph\">En los trabajos participaron la titular de la Unidad de Gesti\u00f3n T\u00e9cnica, Claudia Huerta Ruiz; el director general de Acompa\u00f1amiento Socioemocional y Educativo, Samuel Nava Alc\u00e1ntara y el enlace de Vida Saludable de la Subsecretar\u00eda de Educaci\u00f3n B\u00e1sica, Aurorita Fernanda Reyes Oropeza.<\/p>\n\n\n\n<figure class=\"wp-block-image size-large\"><img fetchpriority=\"high\" decoding=\"async\" width=\"1024\" height=\"538\" src=\"https:\/\/www.zunoticia.com\/noticias-de-hidalgo\/wp-content\/uploads\/2026\/08\/Zunoticia.com-1-206-1024x538.png\" alt=\"\" class=\"wp-image-646633\" srcset=\"https:\/\/www.zunoticia.com\/noticias-de-hidalgo\/wp-content\/uploads\/2026\/08\/Zunoticia.com-1-206-1024x538.png 1024w, https:\/\/www.zunoticia.com\/noticias-de-hidalgo\/wp-content\/uploads\/2026\/08\/Zunoticia.com-1-206-300x158.png 300w, https:\/\/www.zunoticia.com\/noticias-de-hidalgo\/wp-content\/uploads\/2026\/08\/Zunoticia.com-1-206-768x403.png 768w, https:\/\/www.zunoticia.com\/noticias-de-hidalgo\/wp-content\/uploads\/2026\/08\/Zunoticia.com-1-206.png 1200w\" sizes=\"(max-width: 1024px) 100vw, 1024px\" \/><\/figure>\n","protected":false},"excerpt":{"rendered":"<p>Por Redacci\u00f3n\/Zunoticia Pachuca de Soto, Hgo.- De cara al ciclo escolar 2026-2027, la Secretar\u00eda de Educaci\u00f3n P\u00fablica de Hidalgo (SEPH) fortalece la coordinaci\u00f3n y planeaci\u00f3n acad\u00e9mica de la educaci\u00f3n b\u00e1sica, mediante acciones orientadas a acompa\u00f1ar el trabajo de las comunidades educativas en el estado.&nbsp; En representaci\u00f3n del secretario de la SEPH, Natividad Castrej\u00f3n Valdez, la&hellip; <a class=\"more-link\" href=\"https:\/\/www.zunoticia.com\/noticias-de-hidalgo\/2026\/08\/26\/seph-consolida-la-planeacion-academica-para-el-ciclo-escolar-2026-2027\/\">Seguir leyendo <span class=\"screen-reader-text\">SEPH consolida la planeaci\u00f3n acad\u00e9mica para el ciclo escolar 2026-2027<\/span><\/a><\/p>\n","protected":false},"author":20,"featured_media":646632,"comment_status":"open","ping_status":"open","sticky":false,"template":"","format":"standard","meta":{"rop_custom_images_group":[],"rop_custom_messages_group":[],"rop_publish_now":"initial","rop_publish_now_accounts":{"facebook_10159540855086992_322828327761733":""},"rop_publish_now_history":[],"rop_publish_now_status":"pending","footnotes":""},"categories":[208],"tags":[214],"class_list":["post-646631","post","type-post","status-publish","format-standard","has-post-thumbnail","hentry","category-estado","tag-estado","entry"],"_links":{"self":[{"href":"https:\/\/www.zunoticia.com\/noticias-de-hidalgo\/wp-json\/wp\/v2\/posts\/646631","targetHints":{"allow":["GET"]}}],"collection":[{"href":"https:\/\/www.zunoticia.com\/noticias-de-hidalgo\/wp-json\/wp\/v2\/posts"}],"about":[{"href":"https:\/\/www.zunoticia.com\/noticias-de-hidalgo\/wp-json\/wp\/v2\/types\/post"}],"author":[{"embeddable":true,"href":"https:\/\/www.zunoticia.com\/noticias-de-hidalgo\/wp-json\/wp\/v2\/users\/20"}],"replies":[{"embeddable":true,"href":"https:\/\/www.zunoticia.com\/noticias-de-hidalgo\/wp-json\/wp\/v2\/comments?post=646631"}],"version-history":[{"count":1,"href":"https:\/\/www.zunoticia.com\/noticias-de-hidalgo\/wp-json\/wp\/v2\/posts\/646631\/revisions"}],"predecessor-version":[{"id":646634,"href":"https:\/\/www.zunoticia.com\/noticias-de-hidalgo\/wp-json\/wp\/v2\/posts\/646631\/revisions\/646634"}],"wp:featuredmedia":[{"embeddable":true,"href":"https:\/\/www.zunoticia.com\/noticias-de-hidalgo\/wp-json\/wp\/v2\/media\/646632"}],"wp:attachment":[{"href":"https:\/\/www.zunoticia.com\/noticias-de-hidalgo\/wp-json\/wp\/v2\/media?parent=646631"}],"wp:term":[{"taxonomy":"category","embeddable":true,"href":"https:\/\/www.zunoticia.com\/noticias-de-hidalgo\/wp-json\/wp\/v2\/categories?post=646631"},{"taxonomy":"post_tag","embeddable":true,"href":"https:\/\/www.zunoticia.com\/noticias-de-hidalgo\/wp-json\/wp\/v2\/tags?post=646631"}],"curies":[{"name":"wp","href":"https:\/\/api.w.org\/{rel}","templated":true}]}}