{"id":646635,"date":"2026-08-26T18:16:56","date_gmt":"2026-08-27T00:16:56","guid":{"rendered":"https:\/\/www.zunoticia.com\/noticias-de-hidalgo\/?p=646635"},"modified":"2026-08-26T18:16:57","modified_gmt":"2026-08-27T00:16:57","slug":"que-va-a-pasar-el-dia-que-yo-no-este-edda-vite-destaca-importancia-de-generar-oportunidades-para-personas-con-discapacidad","status":"publish","type":"post","link":"https:\/\/www.zunoticia.com\/noticias-de-hidalgo\/2026\/08\/26\/que-va-a-pasar-el-dia-que-yo-no-este-edda-vite-destaca-importancia-de-generar-oportunidades-para-personas-con-discapacidad\/","title":{"rendered":"\u201c\u00bfQu\u00e9 va a pasar el d\u00eda que yo no est\u00e9?: Edda Vite Destaca importancia de generar oportunidades para personas con discapacidad\u00a0"},"content":{"rendered":"<aside class=\"mashsb-container mashsb-main mashsb-stretched\"><div class=\"mashsb-box\"><div class=\"mashsb-count mash-large\" style=\"&quot;\"><div class=\"counts mashsbcount\">0<\/div><span class=\"mashsb-sharetext\">SHARES<\/span><\/div><div class=\"mashsb-buttons\"><a class=\"mashicon-facebook mash-large mash-center mashsb-noshadow\" href=\"https:\/\/www.facebook.com\/sharer.php?u=https%3A%2F%2Fwww.zunoticia.com%2Fnoticias-de-hidalgo%2F2026%2F08%2F26%2Fque-va-a-pasar-el-dia-que-yo-no-este-edda-vite-destaca-importancia-de-generar-oportunidades-para-personas-con-discapacidad%2F\" target=\"_top\" rel=\"nofollow\"><span class=\"icon\"><\/span><span class=\"text\">Share<\/span><\/a><a class=\"mashicon-twitter mash-large mash-center mashsb-noshadow\" href=\"https:\/\/twitter.com\/intent\/tweet?text=&amp;url=https:\/\/www.zunoticia.com\/noticias-de-hidalgo\/2026\/08\/26\/que-va-a-pasar-el-dia-que-yo-no-este-edda-vite-destaca-importancia-de-generar-oportunidades-para-personas-con-discapacidad\/\" target=\"_top\" rel=\"nofollow\"><span class=\"icon\"><\/span><span class=\"text\">Tweet<\/span><\/a><div class=\"onoffswitch2 mash-large mashsb-noshadow\" style=\"display:none\"><\/div><\/div>\n            <\/div>\n                <div style=\"clear:both\"><\/div><div class=\"mashsb-toggle-container\"><\/div><\/aside>\n            <!-- Share buttons by mashshare.net - Version: 4.0.47-->\n<p class=\"wp-block-paragraph\">\u25cf <em>El Sistema DIF Hidalgo entreg\u00f3 32 proyectos productivos, con una inversi\u00f3n de 1 mill\u00f3n 962 mil 626.44 pesos<\/em><\/p>\n\n\n\n<p class=\"wp-block-paragraph\"><em>\u25cf<\/em><em> En m\u00e1s de tres a\u00f1os se han otorgado 287 proyectos, por un monto acumulado de 11.8 millones de pesos<\/em><\/p>\n\n\n\n<p class=\"wp-block-paragraph\"><em>Por Redacci\u00f3n\/Zunoticia<\/em><\/p>\n\n\n\n<p class=\"wp-block-paragraph\"><strong>Pachuca de Soto, Hgo<\/strong>.- \u201c\u00bfQu\u00e9 va a pasar el d\u00eda que yo no est\u00e9? \u00bfQu\u00e9 va a pasar el d\u00eda de ma\u00f1ana cuando mi hijo o mi hija se quede s\u00f3lo?\u201d. Esta es una de las principales preocupaciones que expresan madres y padres de personas con discapacidad, se\u00f1al\u00f3 Edda Vite Ramos, presidenta del Patronato del Sistema DIF Hidalgo, durante la entrega de 32 proyectos productivos orientados a impulsar la inclusi\u00f3n laboral y generar alternativas de ingreso para este sector de la poblaci\u00f3n.<\/p>\n\n\n\n<p class=\"wp-block-paragraph\">Vite Ramos subray\u00f3 que estas iniciativas representan m\u00e1s que un respaldo para la econom\u00eda del hogar, pues brindan a las personas con discapacidad la posibilidad de desarrollar una actividad productiva acorde con sus capacidades, intereses y necesidades.<\/p>\n\n\n\n<p class=\"wp-block-paragraph\">\u201cDe eso se trata: de tener un sentido de vida, de levantarse con entusiasmo porque voy a abrir mi tienda, porque voy a trabajar en la carpinter\u00eda o porque hoy s\u00ed puedo dedicarme a vender paletas\u201d, expres\u00f3.<\/p>\n\n\n\n<p class=\"wp-block-paragraph\">Los 32 proyectos productivos entregados representaron una inversi\u00f3n de 1 mill\u00f3n 962 mil 626 pesos y fueron asignados a partir de las solicitudes planteadas por las familias y los sistemas DIF municipales.<\/p>\n\n\n\n<p class=\"wp-block-paragraph\">Entre los bienes otorgados se encuentran un carro para la venta de hamburguesas y un taller de costura, adem\u00e1s de otros insumos destinados tanto al inicio de actividades econ\u00f3micas como al fortalecimiento de negocios que ya se encuentran funcionando.<\/p>\n\n\n\n<p class=\"wp-block-paragraph\">La presidenta del Patronato explic\u00f3 que cada solicitud es analizada de manera particular, a fin de que los recursos respondan a las condiciones de quienes los reciben. \u201cHay tantos proyectos diferentes, pero todos esos proyectos son las necesidades que ustedes nos expresan cuando hacemos una solicitud\u201d, se\u00f1al\u00f3.<\/p>\n\n\n\n<figure class=\"wp-block-gallery has-nested-images columns-default is-cropped wp-block-gallery-1 is-layout-flex wp-block-gallery-is-layout-flex\">\n<figure class=\"wp-block-image size-large\"><img fetchpriority=\"high\" decoding=\"async\" width=\"1024\" height=\"538\" data-id=\"646637\" src=\"https:\/\/www.zunoticia.com\/noticias-de-hidalgo\/wp-content\/uploads\/2026\/08\/Zunoticia.com-2-79-1024x538.png\" alt=\"\" class=\"wp-image-646637\" srcset=\"https:\/\/www.zunoticia.com\/noticias-de-hidalgo\/wp-content\/uploads\/2026\/08\/Zunoticia.com-2-79-1024x538.png 1024w, https:\/\/www.zunoticia.com\/noticias-de-hidalgo\/wp-content\/uploads\/2026\/08\/Zunoticia.com-2-79-300x158.png 300w, https:\/\/www.zunoticia.com\/noticias-de-hidalgo\/wp-content\/uploads\/2026\/08\/Zunoticia.com-2-79-768x403.png 768w, https:\/\/www.zunoticia.com\/noticias-de-hidalgo\/wp-content\/uploads\/2026\/08\/Zunoticia.com-2-79.png 1200w\" sizes=\"(max-width: 1024px) 100vw, 1024px\" \/><\/figure>\n\n\n\n<figure class=\"wp-block-image size-large\"><img decoding=\"async\" width=\"1024\" height=\"538\" data-id=\"646638\" src=\"https:\/\/www.zunoticia.com\/noticias-de-hidalgo\/wp-content\/uploads\/2026\/08\/Zunoticia.com-1-207-1024x538.png\" alt=\"\" class=\"wp-image-646638\" srcset=\"https:\/\/www.zunoticia.com\/noticias-de-hidalgo\/wp-content\/uploads\/2026\/08\/Zunoticia.com-1-207-1024x538.png 1024w, https:\/\/www.zunoticia.com\/noticias-de-hidalgo\/wp-content\/uploads\/2026\/08\/Zunoticia.com-1-207-300x158.png 300w, https:\/\/www.zunoticia.com\/noticias-de-hidalgo\/wp-content\/uploads\/2026\/08\/Zunoticia.com-1-207-768x403.png 768w, https:\/\/www.zunoticia.com\/noticias-de-hidalgo\/wp-content\/uploads\/2026\/08\/Zunoticia.com-1-207.png 1200w\" sizes=\"(max-width: 1024px) 100vw, 1024px\" \/><\/figure>\n<\/figure>\n\n\n\n<p class=\"wp-block-paragraph\">Precis\u00f3 que, mientras en algunos casos el recurso permite poner en marcha un emprendimiento, en otros contribuye a consolidar establecimientos que ya operan, como panader\u00edas o peque\u00f1os negocios de alimentos, con el prop\u00f3sito de incrementar su capacidad productiva y favorecer la generaci\u00f3n de ingresos.<\/p>\n\n\n\n<p class=\"wp-block-paragraph\">En este sentido, enfatiz\u00f3 que la finalidad es proporcionar herramientas que permitan a las personas con discapacidad mantenerse activas laboralmente, desarrollar sus habilidades y contribuir a la econom\u00eda de sus hogares.<\/p>\n\n\n\n<p class=\"wp-block-paragraph\">A lo largo de casi cuatro a\u00f1os de la administraci\u00f3n de Julio Menchaca Salazar, el Sistema DIF Hidalgo ha entregado 287 proyectos productivos, con una inversi\u00f3n acumulada superior a 11.8 millones de pesos.<\/p>\n\n\n\n<p class=\"wp-block-paragraph\">Por su parte, H\u00e9ctor Alberto Villa Fuentes, director general de los Centros de Rehabilitaci\u00f3n Integral de Hidalgo (CRIH), se\u00f1al\u00f3 que estas acciones forman parte de la estrategia que desarrolla el organismo para favorecer la rehabilitaci\u00f3n y la inclusi\u00f3n laboral de las personas con discapacidad.<\/p>\n\n\n\n<p class=\"wp-block-paragraph\">Explic\u00f3 que la coordinaci\u00f3n con los sistemas DIF municipales permite conocer las condiciones de cada comunidad, identificar a quienes requieren este tipo de respaldo y canalizar alternativas acordes con sus circunstancias.<\/p>\n\n\n\n<p class=\"wp-block-paragraph\">Durante el acto tambi\u00e9n participaron representantes de los sistemas DIF municipales y autoridades de distintos municipios, cuya colaboraci\u00f3n contribuye a detectar oportunidades de emprendimiento, acompa\u00f1ar a las personas beneficiarias y dar seguimiento a las iniciativas en sus localidades.<\/p>\n","protected":false},"excerpt":{"rendered":"<p>\u25cf El Sistema DIF Hidalgo entreg\u00f3 32 proyectos productivos, con una inversi\u00f3n de 1 mill\u00f3n 962 mil 626.44 pesos \u25cf En m\u00e1s de tres a\u00f1os se han otorgado 287 proyectos, por un monto acumulado de 11.8 millones de pesos Por Redacci\u00f3n\/Zunoticia Pachuca de Soto, Hgo.- \u201c\u00bfQu\u00e9 va a pasar el d\u00eda que yo no est\u00e9?&hellip; <a class=\"more-link\" href=\"https:\/\/www.zunoticia.com\/noticias-de-hidalgo\/2026\/08\/26\/que-va-a-pasar-el-dia-que-yo-no-este-edda-vite-destaca-importancia-de-generar-oportunidades-para-personas-con-discapacidad\/\">Seguir leyendo <span class=\"screen-reader-text\">\u201c\u00bfQu\u00e9 va a pasar el d\u00eda que yo no est\u00e9?: Edda Vite Destaca importancia de generar oportunidades para personas con discapacidad\u00a0<\/span><\/a><\/p>\n","protected":false},"author":20,"featured_media":646636,"comment_status":"open","ping_status":"open","sticky":false,"template":"","format":"standard","meta":{"rop_custom_images_group":[],"rop_custom_messages_group":[],"rop_publish_now":"initial","rop_publish_now_accounts":{"facebook_10159540855086992_322828327761733":""},"rop_publish_now_history":[],"rop_publish_now_status":"pending","footnotes":""},"categories":[208],"tags":[214],"class_list":["post-646635","post","type-post","status-publish","format-standard","has-post-thumbnail","hentry","category-estado","tag-estado","entry"],"_links":{"self":[{"href":"https:\/\/www.zunoticia.com\/noticias-de-hidalgo\/wp-json\/wp\/v2\/posts\/646635","targetHints":{"allow":["GET"]}}],"collection":[{"href":"https:\/\/www.zunoticia.com\/noticias-de-hidalgo\/wp-json\/wp\/v2\/posts"}],"about":[{"href":"https:\/\/www.zunoticia.com\/noticias-de-hidalgo\/wp-json\/wp\/v2\/types\/post"}],"author":[{"embeddable":true,"href":"https:\/\/www.zunoticia.com\/noticias-de-hidalgo\/wp-json\/wp\/v2\/users\/20"}],"replies":[{"embeddable":true,"href":"https:\/\/www.zunoticia.com\/noticias-de-hidalgo\/wp-json\/wp\/v2\/comments?post=646635"}],"version-history":[{"count":1,"href":"https:\/\/www.zunoticia.com\/noticias-de-hidalgo\/wp-json\/wp\/v2\/posts\/646635\/revisions"}],"predecessor-version":[{"id":646639,"href":"https:\/\/www.zunoticia.com\/noticias-de-hidalgo\/wp-json\/wp\/v2\/posts\/646635\/revisions\/646639"}],"wp:featuredmedia":[{"embeddable":true,"href":"https:\/\/www.zunoticia.com\/noticias-de-hidalgo\/wp-json\/wp\/v2\/media\/646636"}],"wp:attachment":[{"href":"https:\/\/www.zunoticia.com\/noticias-de-hidalgo\/wp-json\/wp\/v2\/media?parent=646635"}],"wp:term":[{"taxonomy":"category","embeddable":true,"href":"https:\/\/www.zunoticia.com\/noticias-de-hidalgo\/wp-json\/wp\/v2\/categories?post=646635"},{"taxonomy":"post_tag","embeddable":true,"href":"https:\/\/www.zunoticia.com\/noticias-de-hidalgo\/wp-json\/wp\/v2\/tags?post=646635"}],"curies":[{"name":"wp","href":"https:\/\/api.w.org\/{rel}","templated":true}]}}