{"id":646652,"date":"2026-08-26T18:47:58","date_gmt":"2026-08-27T00:47:58","guid":{"rendered":"https:\/\/www.zunoticia.com\/noticias-de-hidalgo\/?p=646652"},"modified":"2026-08-26T18:47:59","modified_gmt":"2026-08-27T00:47:59","slug":"percance-vial-deja-danos-materiales","status":"publish","type":"post","link":"https:\/\/www.zunoticia.com\/noticias-de-hidalgo\/2026\/08\/26\/percance-vial-deja-danos-materiales\/","title":{"rendered":"Percance vial deja da\u00f1os materiales"},"content":{"rendered":"<aside class=\"mashsb-container mashsb-main mashsb-stretched\"><div class=\"mashsb-box\"><div class=\"mashsb-count mash-large\" style=\"&quot;\"><div class=\"counts mashsbcount\">0<\/div><span class=\"mashsb-sharetext\">SHARES<\/span><\/div><div class=\"mashsb-buttons\"><a class=\"mashicon-facebook mash-large mash-center mashsb-noshadow\" href=\"https:\/\/www.facebook.com\/sharer.php?u=https%3A%2F%2Fwww.zunoticia.com%2Fnoticias-de-hidalgo%2F2026%2F08%2F26%2Fpercance-vial-deja-danos-materiales%2F\" target=\"_top\" rel=\"nofollow\"><span class=\"icon\"><\/span><span class=\"text\">Share<\/span><\/a><a class=\"mashicon-twitter mash-large mash-center mashsb-noshadow\" href=\"https:\/\/twitter.com\/intent\/tweet?text=&amp;url=https:\/\/www.zunoticia.com\/noticias-de-hidalgo\/2026\/08\/26\/percance-vial-deja-danos-materiales\/\" target=\"_top\" rel=\"nofollow\"><span class=\"icon\"><\/span><span class=\"text\">Tweet<\/span><\/a><div class=\"onoffswitch2 mash-large mashsb-noshadow\" style=\"display:none\"><\/div><\/div>\n            <\/div>\n                <div style=\"clear:both\"><\/div><div class=\"mashsb-toggle-container\"><\/div><\/aside>\n            <!-- Share buttons by mashshare.net - Version: 4.0.47-->\n<p class=\"wp-block-paragraph\"><em>Por Roberto Ram\u00edrez\/Zunoticia<\/em><\/p>\n\n\n\n<p class=\"wp-block-paragraph\"><strong>Huejutla, Hgo<\/strong>. &#8211; Un aparatoso percance vial se registr\u00f3 entre una camioneta y Urvan pasajera, de la ruta Mercado- Santa M\u00f3nica, sobre la avenida Corona del Rosal, en la colonia 5 de Mayo, dejando da\u00f1os materiales en ambos veh\u00edculos.<\/p>\n\n\n\n<p class=\"wp-block-paragraph\">El percance ocurri\u00f3 la tarde de este mi\u00e9rcoles, en las inmediaciones de las oficinas de la Comisi\u00f3n Federal de Electricidad, en donde presuntamente la camioneta impact\u00f3 la combi y se desprendi\u00f3 parte de la puerta; el accidente s\u00f3lo dej\u00f3 da\u00f1os materiales y el susto que se llevaron los pasajeros ante el impact\u00f3.<\/p>\n\n\n\n<p class=\"wp-block-paragraph\">Al lugar de los hechos arribaron elementos de la Secretar\u00eda de Seguridad P\u00fablica Municipal para intervenir en este accidente. En donde los conductores llegaron a un acuerdo para el pago de los da\u00f1os materiales.<\/p>\n\n\n\n<p class=\"wp-block-paragraph\"><\/p>\n","protected":false},"excerpt":{"rendered":"<p>Por Roberto Ram\u00edrez\/Zunoticia Huejutla, Hgo. &#8211; Un aparatoso percance vial se registr\u00f3 entre una camioneta y Urvan pasajera, de la ruta Mercado- Santa M\u00f3nica, sobre la avenida Corona del Rosal, en la colonia 5 de Mayo, dejando da\u00f1os materiales en ambos veh\u00edculos. El percance ocurri\u00f3 la tarde de este mi\u00e9rcoles, en las inmediaciones de las&hellip; <a class=\"more-link\" href=\"https:\/\/www.zunoticia.com\/noticias-de-hidalgo\/2026\/08\/26\/percance-vial-deja-danos-materiales\/\">Seguir leyendo <span class=\"screen-reader-text\">Percance vial deja da\u00f1os materiales<\/span><\/a><\/p>\n","protected":false},"author":20,"featured_media":646653,"comment_status":"open","ping_status":"open","sticky":false,"template":"","format":"standard","meta":{"rop_custom_images_group":[],"rop_custom_messages_group":[],"rop_publish_now":"initial","rop_publish_now_accounts":{"facebook_10159540855086992_322828327761733":""},"rop_publish_now_history":[],"rop_publish_now_status":"pending","footnotes":""},"categories":[178],"tags":[259],"class_list":["post-646652","post","type-post","status-publish","format-standard","has-post-thumbnail","hentry","category-policiaca","tag-policiaca","entry"],"_links":{"self":[{"href":"https:\/\/www.zunoticia.com\/noticias-de-hidalgo\/wp-json\/wp\/v2\/posts\/646652","targetHints":{"allow":["GET"]}}],"collection":[{"href":"https:\/\/www.zunoticia.com\/noticias-de-hidalgo\/wp-json\/wp\/v2\/posts"}],"about":[{"href":"https:\/\/www.zunoticia.com\/noticias-de-hidalgo\/wp-json\/wp\/v2\/types\/post"}],"author":[{"embeddable":true,"href":"https:\/\/www.zunoticia.com\/noticias-de-hidalgo\/wp-json\/wp\/v2\/users\/20"}],"replies":[{"embeddable":true,"href":"https:\/\/www.zunoticia.com\/noticias-de-hidalgo\/wp-json\/wp\/v2\/comments?post=646652"}],"version-history":[{"count":1,"href":"https:\/\/www.zunoticia.com\/noticias-de-hidalgo\/wp-json\/wp\/v2\/posts\/646652\/revisions"}],"predecessor-version":[{"id":646654,"href":"https:\/\/www.zunoticia.com\/noticias-de-hidalgo\/wp-json\/wp\/v2\/posts\/646652\/revisions\/646654"}],"wp:featuredmedia":[{"embeddable":true,"href":"https:\/\/www.zunoticia.com\/noticias-de-hidalgo\/wp-json\/wp\/v2\/media\/646653"}],"wp:attachment":[{"href":"https:\/\/www.zunoticia.com\/noticias-de-hidalgo\/wp-json\/wp\/v2\/media?parent=646652"}],"wp:term":[{"taxonomy":"category","embeddable":true,"href":"https:\/\/www.zunoticia.com\/noticias-de-hidalgo\/wp-json\/wp\/v2\/categories?post=646652"},{"taxonomy":"post_tag","embeddable":true,"href":"https:\/\/www.zunoticia.com\/noticias-de-hidalgo\/wp-json\/wp\/v2\/tags?post=646652"}],"curies":[{"name":"wp","href":"https:\/\/api.w.org\/{rel}","templated":true}]}}