{"id":646879,"date":"2026-08-29T13:36:05","date_gmt":"2026-08-29T19:36:05","guid":{"rendered":"https:\/\/www.zunoticia.com\/noticias-de-hidalgo\/?p=646879"},"modified":"2026-08-29T13:36:07","modified_gmt":"2026-08-29T19:36:07","slug":"inicio-de-ciclo-escolar-detonara-economia-regional-de-la-huasteca-sector-empresarial","status":"publish","type":"post","link":"https:\/\/www.zunoticia.com\/noticias-de-hidalgo\/2026\/08\/29\/inicio-de-ciclo-escolar-detonara-economia-regional-de-la-huasteca-sector-empresarial\/","title":{"rendered":"Inicio de Ciclo Escolar detonar\u00e1 econom\u00eda regional de la Huasteca: Sector Empresarial"},"content":{"rendered":"<aside class=\"mashsb-container mashsb-main mashsb-stretched\"><div class=\"mashsb-box\"><div class=\"mashsb-count mash-large\" style=\"&quot;\"><div class=\"counts mashsbcount\">0<\/div><span class=\"mashsb-sharetext\">SHARES<\/span><\/div><div class=\"mashsb-buttons\"><a class=\"mashicon-facebook mash-large mash-center mashsb-noshadow\" href=\"https:\/\/www.facebook.com\/sharer.php?u=https%3A%2F%2Fwww.zunoticia.com%2Fnoticias-de-hidalgo%2F2026%2F08%2F29%2Finicio-de-ciclo-escolar-detonara-economia-regional-de-la-huasteca-sector-empresarial%2F\" target=\"_top\" rel=\"nofollow\"><span class=\"icon\"><\/span><span class=\"text\">Share<\/span><\/a><a class=\"mashicon-twitter mash-large mash-center mashsb-noshadow\" href=\"https:\/\/twitter.com\/intent\/tweet?text=&amp;url=https:\/\/www.zunoticia.com\/noticias-de-hidalgo\/2026\/08\/29\/inicio-de-ciclo-escolar-detonara-economia-regional-de-la-huasteca-sector-empresarial\/\" target=\"_top\" rel=\"nofollow\"><span class=\"icon\"><\/span><span class=\"text\">Tweet<\/span><\/a><div class=\"onoffswitch2 mash-large mashsb-noshadow\" style=\"display:none\"><\/div><\/div>\n            <\/div>\n                <div style=\"clear:both\"><\/div><div class=\"mashsb-toggle-container\"><\/div><\/aside>\n            <!-- Share buttons by mashshare.net - Version: 4.0.47-->\n<p class=\"wp-block-paragraph\"><em>Por Enedino Hern\u00e1ndez \/ Zunoticia<\/em><\/p>\n\n\n\n<p class=\"wp-block-paragraph\"><strong>Huejutla, Hgo<\/strong>.- \u201cEl inicio del Ciclo Escolar 2026-2027 ser\u00e1 un detonador importante para la reactivaci\u00f3n econ\u00f3mica en toda la regi\u00f3n de la Huasteca\u201d, afirm\u00f3 Luis Enrique Camargo, representante del Sector Empresarial en Huejutla.<\/p>\n\n\n\n<p class=\"wp-block-paragraph\">Se\u00f1al\u00f3 que el inicio del ciclo escolar genera un efecto en cadena que beneficia a m\u00faltiples giros comerciales, desde el transporte, papeler\u00edas, venta de uniformes, zapater\u00edas y el sector de alimentos.<\/p>\n\n\n\n<p class=\"wp-block-paragraph\">&#8220;Retomamos clases, el transporte se activa, los \u00fatiles escolares, uniformes, alimentos, es una fecha importante para todo el comercio que esperamos se reactive la econom\u00eda, venimos de un periodo largo&#8221;, declar\u00f3.<\/p>\n\n\n\n<p class=\"wp-block-paragraph\">Luis Enrique Camargo, explic\u00f3 que estad\u00edsticamente la segunda mitad del a\u00f1o es m\u00e1s favorable para el comercio, por lo que a partir de septiembre se espera una nueva etapa de crecimiento, impulsada tambi\u00e9n por las fiestas patrias y la temporada de fin de a\u00f1o.<\/p>\n\n\n\n<p class=\"wp-block-paragraph\">&#8220;El retorno de los estudiantes es un detonador de la econom\u00eda y esperamos buenos n\u00fameros para cerrar el a\u00f1o para todos los sectores y giros de comercio y prestadores de servicios de la regi\u00f3n&#8221;, puntualiz\u00f3.<\/p>\n\n\n\n<p class=\"wp-block-paragraph\">Finalmente, hizo un llamado a los empresarios locales a priorizar la atenci\u00f3n al cliente como estrategia para competir &#8220;hay que cuidar mucho a nuestros clientes, esa es nuestra mejor herramienta contra empresas que vengan de otro lugar, dar nuestra mejor versi\u00f3n en la atenci\u00f3n al p\u00fablico para que la econom\u00eda del huasteco sea cuidada y prefieran comprarnos a nosotros&#8221;.<\/p>\n","protected":false},"excerpt":{"rendered":"<p>Por Enedino Hern\u00e1ndez \/ Zunoticia Huejutla, Hgo.- \u201cEl inicio del Ciclo Escolar 2026-2027 ser\u00e1 un detonador importante para la reactivaci\u00f3n econ\u00f3mica en toda la regi\u00f3n de la Huasteca\u201d, afirm\u00f3 Luis Enrique Camargo, representante del Sector Empresarial en Huejutla. Se\u00f1al\u00f3 que el inicio del ciclo escolar genera un efecto en cadena que beneficia a m\u00faltiples giros&hellip; <a class=\"more-link\" href=\"https:\/\/www.zunoticia.com\/noticias-de-hidalgo\/2026\/08\/29\/inicio-de-ciclo-escolar-detonara-economia-regional-de-la-huasteca-sector-empresarial\/\">Seguir leyendo <span class=\"screen-reader-text\">Inicio de Ciclo Escolar detonar\u00e1 econom\u00eda regional de la Huasteca: Sector Empresarial<\/span><\/a><\/p>\n","protected":false},"author":20,"featured_media":646880,"comment_status":"open","ping_status":"open","sticky":false,"template":"","format":"standard","meta":{"rop_custom_images_group":[],"rop_custom_messages_group":[],"rop_publish_now":"initial","rop_publish_now_accounts":{"facebook_10159540855086992_322828327761733":""},"rop_publish_now_history":[],"rop_publish_now_status":"pending","footnotes":""},"categories":[181],"tags":[121],"class_list":["post-646879","post","type-post","status-publish","format-standard","has-post-thumbnail","hentry","category-huejutla","tag-huejutla","entry"],"_links":{"self":[{"href":"https:\/\/www.zunoticia.com\/noticias-de-hidalgo\/wp-json\/wp\/v2\/posts\/646879","targetHints":{"allow":["GET"]}}],"collection":[{"href":"https:\/\/www.zunoticia.com\/noticias-de-hidalgo\/wp-json\/wp\/v2\/posts"}],"about":[{"href":"https:\/\/www.zunoticia.com\/noticias-de-hidalgo\/wp-json\/wp\/v2\/types\/post"}],"author":[{"embeddable":true,"href":"https:\/\/www.zunoticia.com\/noticias-de-hidalgo\/wp-json\/wp\/v2\/users\/20"}],"replies":[{"embeddable":true,"href":"https:\/\/www.zunoticia.com\/noticias-de-hidalgo\/wp-json\/wp\/v2\/comments?post=646879"}],"version-history":[{"count":1,"href":"https:\/\/www.zunoticia.com\/noticias-de-hidalgo\/wp-json\/wp\/v2\/posts\/646879\/revisions"}],"predecessor-version":[{"id":646881,"href":"https:\/\/www.zunoticia.com\/noticias-de-hidalgo\/wp-json\/wp\/v2\/posts\/646879\/revisions\/646881"}],"wp:featuredmedia":[{"embeddable":true,"href":"https:\/\/www.zunoticia.com\/noticias-de-hidalgo\/wp-json\/wp\/v2\/media\/646880"}],"wp:attachment":[{"href":"https:\/\/www.zunoticia.com\/noticias-de-hidalgo\/wp-json\/wp\/v2\/media?parent=646879"}],"wp:term":[{"taxonomy":"category","embeddable":true,"href":"https:\/\/www.zunoticia.com\/noticias-de-hidalgo\/wp-json\/wp\/v2\/categories?post=646879"},{"taxonomy":"post_tag","embeddable":true,"href":"https:\/\/www.zunoticia.com\/noticias-de-hidalgo\/wp-json\/wp\/v2\/tags?post=646879"}],"curies":[{"name":"wp","href":"https:\/\/api.w.org\/{rel}","templated":true}]}}