{"id":646882,"date":"2026-08-29T13:44:31","date_gmt":"2026-08-29T19:44:31","guid":{"rendered":"https:\/\/www.zunoticia.com\/noticias-de-hidalgo\/?p=646882"},"modified":"2026-08-29T13:44:33","modified_gmt":"2026-08-29T19:44:33","slug":"fundacion-creando-al-mundo-realiza-con-exito-la-carrera-con-causa-corre-y-pedalea-con-el-corazon","status":"publish","type":"post","link":"https:\/\/www.zunoticia.com\/noticias-de-hidalgo\/2026\/08\/29\/fundacion-creando-al-mundo-realiza-con-exito-la-carrera-con-causa-corre-y-pedalea-con-el-corazon\/","title":{"rendered":"Fundaci\u00f3n Creando al Mundo realiza con \u00e9xito la carrera con causa &#8220;Corre y Pedalea con el Coraz\u00f3n&#8221;"},"content":{"rendered":"<aside class=\"mashsb-container mashsb-main mashsb-stretched\"><div class=\"mashsb-box\"><div class=\"mashsb-count mash-large\" style=\"&quot;\"><div class=\"counts mashsbcount\">0<\/div><span class=\"mashsb-sharetext\">SHARES<\/span><\/div><div class=\"mashsb-buttons\"><a class=\"mashicon-facebook mash-large mash-center mashsb-noshadow\" href=\"https:\/\/www.facebook.com\/sharer.php?u=https%3A%2F%2Fwww.zunoticia.com%2Fnoticias-de-hidalgo%2F2026%2F08%2F29%2Ffundacion-creando-al-mundo-realiza-con-exito-la-carrera-con-causa-corre-y-pedalea-con-el-corazon%2F\" target=\"_top\" rel=\"nofollow\"><span class=\"icon\"><\/span><span class=\"text\">Share<\/span><\/a><a class=\"mashicon-twitter mash-large mash-center mashsb-noshadow\" href=\"https:\/\/twitter.com\/intent\/tweet?text=&amp;url=https:\/\/www.zunoticia.com\/noticias-de-hidalgo\/2026\/08\/29\/fundacion-creando-al-mundo-realiza-con-exito-la-carrera-con-causa-corre-y-pedalea-con-el-corazon\/\" target=\"_top\" rel=\"nofollow\"><span class=\"icon\"><\/span><span class=\"text\">Tweet<\/span><\/a><div class=\"onoffswitch2 mash-large mashsb-noshadow\" style=\"display:none\"><\/div><\/div>\n            <\/div>\n                <div style=\"clear:both\"><\/div><div class=\"mashsb-toggle-container\"><\/div><\/aside>\n            <!-- Share buttons by mashshare.net - Version: 4.0.47-->\n<p class=\"wp-block-paragraph\"><em>Por Enedino Hern\u00e1ndez \/ Zunoticia<\/em><\/p>\n\n\n\n<p class=\"wp-block-paragraph\"><strong>Huejutla, Hgo<\/strong>.- En un ambiente lleno de esperanza, solidaridad y alegr\u00eda, la Fundaci\u00f3n Creando al Mundo llev\u00f3 a cabo la primera edici\u00f3n de su carrera con causa &#8220;Corre y Pedalea con el Coraz\u00f3n&#8221;, el evento Primer Social Runners.<\/p>\n\n\n\n<p class=\"wp-block-paragraph\">La justa deportiva reuni\u00f3 a corredores, ciclistas, familias y voluntarios con un mismo objetivo: transformar cada kil\u00f3metro recorrido en apoyo para quienes m\u00e1s lo necesitan.<\/p>\n\n\n\n<p class=\"wp-block-paragraph\">El recorrido inici\u00f3 en la emblem\u00e1tica explanada del reloj, desde donde los participantes partieron para recorrer diversas calles de la ciudad de Huejutla, para finalmente retornar al punto de inicio, en medio de porras y aplausos.<\/p>\n\n\n\n<p class=\"wp-block-paragraph\">La presidenta de la Fundaci\u00f3n, Julia Hern\u00e1ndez Mart\u00ednez, destac\u00f3 que esta carrera va m\u00e1s all\u00e1 del deporte \u201cesta es una carrera llena de esperanza. Cada kil\u00f3metro es un sue\u00f1o cumplido, hoy no solo corremos y pedaleamos, hoy demostramos que cuando la sociedad se une con el coraz\u00f3n, podemos cambiar vidas&#8221;, expres\u00f3.<\/p>\n\n\n\n<p class=\"wp-block-paragraph\">El Primer Social Runners se consolid\u00f3 no s\u00f3lo como una competencia deportiva, sino como un movimiento social que promueve la inclusi\u00f3n, la salud y el compromiso comunitario.<\/p>\n\n\n\n<p class=\"wp-block-paragraph\">La Fundaci\u00f3n Creando al Mundo agradeci\u00f3 el respaldo de participantes, patrocinadores y ciudadan\u00eda, y anunci\u00f3 que esta primera edici\u00f3n marca el inicio de una tradici\u00f3n anual con causa.<\/p>\n","protected":false},"excerpt":{"rendered":"<p>Por Enedino Hern\u00e1ndez \/ Zunoticia Huejutla, Hgo.- En un ambiente lleno de esperanza, solidaridad y alegr\u00eda, la Fundaci\u00f3n Creando al Mundo llev\u00f3 a cabo la primera edici\u00f3n de su carrera con causa &#8220;Corre y Pedalea con el Coraz\u00f3n&#8221;, el evento Primer Social Runners. La justa deportiva reuni\u00f3 a corredores, ciclistas, familias y voluntarios con un&hellip; <a class=\"more-link\" href=\"https:\/\/www.zunoticia.com\/noticias-de-hidalgo\/2026\/08\/29\/fundacion-creando-al-mundo-realiza-con-exito-la-carrera-con-causa-corre-y-pedalea-con-el-corazon\/\">Seguir leyendo <span class=\"screen-reader-text\">Fundaci\u00f3n Creando al Mundo realiza con \u00e9xito la carrera con causa &#8220;Corre y Pedalea con el Coraz\u00f3n&#8221;<\/span><\/a><\/p>\n","protected":false},"author":20,"featured_media":646883,"comment_status":"open","ping_status":"open","sticky":false,"template":"","format":"standard","meta":{"rop_custom_images_group":[],"rop_custom_messages_group":[],"rop_publish_now":"initial","rop_publish_now_accounts":{"facebook_10159540855086992_322828327761733":""},"rop_publish_now_history":[],"rop_publish_now_status":"pending","footnotes":""},"categories":[181],"tags":[121],"class_list":["post-646882","post","type-post","status-publish","format-standard","has-post-thumbnail","hentry","category-huejutla","tag-huejutla","entry"],"_links":{"self":[{"href":"https:\/\/www.zunoticia.com\/noticias-de-hidalgo\/wp-json\/wp\/v2\/posts\/646882","targetHints":{"allow":["GET"]}}],"collection":[{"href":"https:\/\/www.zunoticia.com\/noticias-de-hidalgo\/wp-json\/wp\/v2\/posts"}],"about":[{"href":"https:\/\/www.zunoticia.com\/noticias-de-hidalgo\/wp-json\/wp\/v2\/types\/post"}],"author":[{"embeddable":true,"href":"https:\/\/www.zunoticia.com\/noticias-de-hidalgo\/wp-json\/wp\/v2\/users\/20"}],"replies":[{"embeddable":true,"href":"https:\/\/www.zunoticia.com\/noticias-de-hidalgo\/wp-json\/wp\/v2\/comments?post=646882"}],"version-history":[{"count":1,"href":"https:\/\/www.zunoticia.com\/noticias-de-hidalgo\/wp-json\/wp\/v2\/posts\/646882\/revisions"}],"predecessor-version":[{"id":646884,"href":"https:\/\/www.zunoticia.com\/noticias-de-hidalgo\/wp-json\/wp\/v2\/posts\/646882\/revisions\/646884"}],"wp:featuredmedia":[{"embeddable":true,"href":"https:\/\/www.zunoticia.com\/noticias-de-hidalgo\/wp-json\/wp\/v2\/media\/646883"}],"wp:attachment":[{"href":"https:\/\/www.zunoticia.com\/noticias-de-hidalgo\/wp-json\/wp\/v2\/media?parent=646882"}],"wp:term":[{"taxonomy":"category","embeddable":true,"href":"https:\/\/www.zunoticia.com\/noticias-de-hidalgo\/wp-json\/wp\/v2\/categories?post=646882"},{"taxonomy":"post_tag","embeddable":true,"href":"https:\/\/www.zunoticia.com\/noticias-de-hidalgo\/wp-json\/wp\/v2\/tags?post=646882"}],"curies":[{"name":"wp","href":"https:\/\/api.w.org\/{rel}","templated":true}]}}