{"id":646885,"date":"2026-08-29T13:53:27","date_gmt":"2026-08-29T19:53:27","guid":{"rendered":"https:\/\/www.zunoticia.com\/noticias-de-hidalgo\/?p=646885"},"modified":"2026-08-29T13:53:29","modified_gmt":"2026-08-29T19:53:29","slug":"huejutla-se-prepara-para-el-mes-de-la-patria-con-colocacion-de-adornos-patrios","status":"publish","type":"post","link":"https:\/\/www.zunoticia.com\/noticias-de-hidalgo\/2026\/08\/29\/huejutla-se-prepara-para-el-mes-de-la-patria-con-colocacion-de-adornos-patrios\/","title":{"rendered":"Huejutla se prepara para el Mes de la Patria con colocaci\u00f3n de adornos patrios"},"content":{"rendered":"<aside class=\"mashsb-container mashsb-main mashsb-stretched\"><div class=\"mashsb-box\"><div class=\"mashsb-count mash-large\" style=\"&quot;\"><div class=\"counts mashsbcount\">0<\/div><span class=\"mashsb-sharetext\">SHARES<\/span><\/div><div class=\"mashsb-buttons\"><a class=\"mashicon-facebook mash-large mash-center mashsb-noshadow\" href=\"https:\/\/www.facebook.com\/sharer.php?u=https%3A%2F%2Fwww.zunoticia.com%2Fnoticias-de-hidalgo%2F2026%2F08%2F29%2Fhuejutla-se-prepara-para-el-mes-de-la-patria-con-colocacion-de-adornos-patrios%2F\" target=\"_top\" rel=\"nofollow\"><span class=\"icon\"><\/span><span class=\"text\">Share<\/span><\/a><a class=\"mashicon-twitter mash-large mash-center mashsb-noshadow\" href=\"https:\/\/twitter.com\/intent\/tweet?text=&amp;url=https:\/\/www.zunoticia.com\/noticias-de-hidalgo\/2026\/08\/29\/huejutla-se-prepara-para-el-mes-de-la-patria-con-colocacion-de-adornos-patrios\/\" target=\"_top\" rel=\"nofollow\"><span class=\"icon\"><\/span><span class=\"text\">Tweet<\/span><\/a><div class=\"onoffswitch2 mash-large mashsb-noshadow\" style=\"display:none\"><\/div><\/div>\n            <\/div>\n                <div style=\"clear:both\"><\/div><div class=\"mashsb-toggle-container\"><\/div><\/aside>\n            <!-- Share buttons by mashshare.net - Version: 4.0.47-->\n<p class=\"wp-block-paragraph\"><em>Por Enedino Hern\u00e1ndez \/ Zunoticia<\/em><\/p>\n\n\n\n<p class=\"wp-block-paragraph\"><strong>Huejutla, Hgo<\/strong>.- A unos d\u00edas del inicio del Mes de la Patria, personal del \u00e1rea de Alumbrado P\u00fablico de la Presidencia Municipal de Huejutla inici\u00f3 durante el viernes con los trabajos de colocaci\u00f3n de los adornos alusivos a las fiestas patrias.<\/p>\n\n\n\n<p class=\"wp-block-paragraph\">Las labores comenzaron en la parte frontal de la Presidencia Municipal, donde fueron instalados los primeros arreglos con motivos y s\u00edmbolos patrios y de acuerdo con el personal encargado, los trabajos continuar\u00e1n durante los pr\u00f3ximos d\u00edas y se extender\u00e1n hacia distintos puntos de la zona centro.<\/p>\n\n\n\n<p class=\"wp-block-paragraph\">El objetivo es que la decoraci\u00f3n quede concluida antes del inicio de las celebraciones patrias, con lo que las principales calles y espacios p\u00fablicos del centro de Huejutla lucir\u00e1n con elementos alusivos a la identidad y tradici\u00f3n nacional.<\/p>\n\n\n\n<p class=\"wp-block-paragraph\">Finalmente, se destaca que los trabajos forman parte de las acciones previas a las actividades que se desarrollar\u00e1n durante septiembre, considerado el Mes de la Patria en M\u00e9xico.<\/p>\n\n\n\n<figure class=\"wp-block-image size-large\"><img fetchpriority=\"high\" decoding=\"async\" width=\"1024\" height=\"538\" src=\"https:\/\/www.zunoticia.com\/noticias-de-hidalgo\/wp-content\/uploads\/2026\/08\/Zunoticia.com-1-224-1024x538.png\" alt=\"\" class=\"wp-image-646887\" srcset=\"https:\/\/www.zunoticia.com\/noticias-de-hidalgo\/wp-content\/uploads\/2026\/08\/Zunoticia.com-1-224-1024x538.png 1024w, https:\/\/www.zunoticia.com\/noticias-de-hidalgo\/wp-content\/uploads\/2026\/08\/Zunoticia.com-1-224-300x158.png 300w, https:\/\/www.zunoticia.com\/noticias-de-hidalgo\/wp-content\/uploads\/2026\/08\/Zunoticia.com-1-224-768x403.png 768w, https:\/\/www.zunoticia.com\/noticias-de-hidalgo\/wp-content\/uploads\/2026\/08\/Zunoticia.com-1-224.png 1200w\" sizes=\"(max-width: 1024px) 100vw, 1024px\" \/><\/figure>\n","protected":false},"excerpt":{"rendered":"<p>Por Enedino Hern\u00e1ndez \/ Zunoticia Huejutla, Hgo.- A unos d\u00edas del inicio del Mes de la Patria, personal del \u00e1rea de Alumbrado P\u00fablico de la Presidencia Municipal de Huejutla inici\u00f3 durante el viernes con los trabajos de colocaci\u00f3n de los adornos alusivos a las fiestas patrias. Las labores comenzaron en la parte frontal de la&hellip; <a class=\"more-link\" href=\"https:\/\/www.zunoticia.com\/noticias-de-hidalgo\/2026\/08\/29\/huejutla-se-prepara-para-el-mes-de-la-patria-con-colocacion-de-adornos-patrios\/\">Seguir leyendo <span class=\"screen-reader-text\">Huejutla se prepara para el Mes de la Patria con colocaci\u00f3n de adornos patrios<\/span><\/a><\/p>\n","protected":false},"author":20,"featured_media":646886,"comment_status":"open","ping_status":"open","sticky":false,"template":"","format":"standard","meta":{"rop_custom_images_group":[],"rop_custom_messages_group":[],"rop_publish_now":"initial","rop_publish_now_accounts":{"facebook_10159540855086992_322828327761733":""},"rop_publish_now_history":[],"rop_publish_now_status":"pending","footnotes":""},"categories":[181],"tags":[121],"class_list":["post-646885","post","type-post","status-publish","format-standard","has-post-thumbnail","hentry","category-huejutla","tag-huejutla","entry"],"_links":{"self":[{"href":"https:\/\/www.zunoticia.com\/noticias-de-hidalgo\/wp-json\/wp\/v2\/posts\/646885","targetHints":{"allow":["GET"]}}],"collection":[{"href":"https:\/\/www.zunoticia.com\/noticias-de-hidalgo\/wp-json\/wp\/v2\/posts"}],"about":[{"href":"https:\/\/www.zunoticia.com\/noticias-de-hidalgo\/wp-json\/wp\/v2\/types\/post"}],"author":[{"embeddable":true,"href":"https:\/\/www.zunoticia.com\/noticias-de-hidalgo\/wp-json\/wp\/v2\/users\/20"}],"replies":[{"embeddable":true,"href":"https:\/\/www.zunoticia.com\/noticias-de-hidalgo\/wp-json\/wp\/v2\/comments?post=646885"}],"version-history":[{"count":1,"href":"https:\/\/www.zunoticia.com\/noticias-de-hidalgo\/wp-json\/wp\/v2\/posts\/646885\/revisions"}],"predecessor-version":[{"id":646888,"href":"https:\/\/www.zunoticia.com\/noticias-de-hidalgo\/wp-json\/wp\/v2\/posts\/646885\/revisions\/646888"}],"wp:featuredmedia":[{"embeddable":true,"href":"https:\/\/www.zunoticia.com\/noticias-de-hidalgo\/wp-json\/wp\/v2\/media\/646886"}],"wp:attachment":[{"href":"https:\/\/www.zunoticia.com\/noticias-de-hidalgo\/wp-json\/wp\/v2\/media?parent=646885"}],"wp:term":[{"taxonomy":"category","embeddable":true,"href":"https:\/\/www.zunoticia.com\/noticias-de-hidalgo\/wp-json\/wp\/v2\/categories?post=646885"},{"taxonomy":"post_tag","embeddable":true,"href":"https:\/\/www.zunoticia.com\/noticias-de-hidalgo\/wp-json\/wp\/v2\/tags?post=646885"}],"curies":[{"name":"wp","href":"https:\/\/api.w.org\/{rel}","templated":true}]}}