{"id":646904,"date":"2026-08-29T15:23:02","date_gmt":"2026-08-29T21:23:02","guid":{"rendered":"https:\/\/www.zunoticia.com\/noticias-de-hidalgo\/?p=646904"},"modified":"2026-08-29T15:23:03","modified_gmt":"2026-08-29T21:23:03","slug":"preescolar-indigena-listo-para-el-inicio-del-ciclo-escolar-2026-2027","status":"publish","type":"post","link":"https:\/\/www.zunoticia.com\/noticias-de-hidalgo\/2026\/08\/29\/preescolar-indigena-listo-para-el-inicio-del-ciclo-escolar-2026-2027\/","title":{"rendered":"Preescolar Ind\u00edgena listo para el inicio del Ciclo Escolar 2026-2027"},"content":{"rendered":"<aside class=\"mashsb-container mashsb-main mashsb-stretched\"><div class=\"mashsb-box\"><div class=\"mashsb-count mash-large\" style=\"&quot;\"><div class=\"counts mashsbcount\">0<\/div><span class=\"mashsb-sharetext\">SHARES<\/span><\/div><div class=\"mashsb-buttons\"><a class=\"mashicon-facebook mash-large mash-center mashsb-noshadow\" href=\"https:\/\/www.facebook.com\/sharer.php?u=https%3A%2F%2Fwww.zunoticia.com%2Fnoticias-de-hidalgo%2F2026%2F08%2F29%2Fpreescolar-indigena-listo-para-el-inicio-del-ciclo-escolar-2026-2027%2F\" target=\"_top\" rel=\"nofollow\"><span class=\"icon\"><\/span><span class=\"text\">Share<\/span><\/a><a class=\"mashicon-twitter mash-large mash-center mashsb-noshadow\" href=\"https:\/\/twitter.com\/intent\/tweet?text=&amp;url=https:\/\/www.zunoticia.com\/noticias-de-hidalgo\/2026\/08\/29\/preescolar-indigena-listo-para-el-inicio-del-ciclo-escolar-2026-2027\/\" target=\"_top\" rel=\"nofollow\"><span class=\"icon\"><\/span><span class=\"text\">Tweet<\/span><\/a><div class=\"onoffswitch2 mash-large mashsb-noshadow\" style=\"display:none\"><\/div><\/div>\n            <\/div>\n                <div style=\"clear:both\"><\/div><div class=\"mashsb-toggle-container\"><\/div><\/aside>\n            <!-- Share buttons by mashshare.net - Version: 4.0.47-->\n<p class=\"wp-block-paragraph\"><em>Por Enedino Hern\u00e1ndez \/ Zunoticia<\/em><\/p>\n\n\n\n<p class=\"wp-block-paragraph\"><strong>Huejutla, Hgo<\/strong>.- Tras una semana intensa de preparaci\u00f3n, maestros del nivel de Preescolar Ind\u00edgena se declara listo para el arranque del Ciclo Escolar 2026-2027, el cual ser\u00e1 oficialmente el d\u00eda 31 de agosto.<\/p>\n\n\n\n<p class=\"wp-block-paragraph\">El profesor Celedonio Hern\u00e1ndez, maestro de Preescolar Ind\u00edgena, inform\u00f3 que del 24 al 28 de agosto se llev\u00f3 a cabo el curso de capacitaci\u00f3n con todos los docentes, donde se defini\u00f3 la organizaci\u00f3n y las prioridades para mejorar la educaci\u00f3n de los ni\u00f1os.<\/p>\n\n\n\n<p class=\"wp-block-paragraph\">Al momento, dijo que ya se ha tenido la respectiva organizaci\u00f3n de c\u00f3mo tenemos que estar trabajando con los educandos para poder ir mejorando la educaci\u00f3n, explic\u00f3 el docente.<\/p>\n\n\n\n<p class=\"wp-block-paragraph\">Detall\u00f3 que el inicio oficial de las clases del ciclo escolar 2026-2027 ser\u00e1 el lunes 31 de agosto, ya directamente con los alumnos, y que el magisterio est\u00e1 preparado para recibirlos.<\/p>\n\n\n\n<p class=\"wp-block-paragraph\">En cuanto a los apoyos, confirm\u00f3 que los \u00fatiles escolares y los libros de texto ya se encuentran en las escuelas y ser\u00e1n entregados respectivamente durante el primer d\u00eda de clases &#8220;efectivamente ya los \u00fatiles escolares los tenemos en la escuela, \u00fanicamente el primer d\u00eda es el reparto de materiales con los ni\u00f1os&#8221;.<\/p>\n\n\n\n<p class=\"wp-block-paragraph\">El profesor Celedonio Hern\u00e1ndez, expres\u00f3 que se espera que el ciclo escolar inicie con tranquilidad y normalidad, en coordinaci\u00f3n con los padres de familia, a quienes calific\u00f3 como pilares fundamentales de la educaci\u00f3n en apoyo con los docentes.<\/p>\n\n\n\n<p class=\"wp-block-paragraph\">Finalmente, hizo un llamado a las madres y padres a mantenerse al pendiente del avance de sus hijos durante todo el periodo escolar &#8220;la recomendaci\u00f3n que yo puedo dar es que los padres de familia tienen que estar al pendiente de sus ni\u00f1os para que vean los avances que vayan a tener durante este periodo escolar&#8221;.<\/p>\n","protected":false},"excerpt":{"rendered":"<p>Por Enedino Hern\u00e1ndez \/ Zunoticia Huejutla, Hgo.- Tras una semana intensa de preparaci\u00f3n, maestros del nivel de Preescolar Ind\u00edgena se declara listo para el arranque del Ciclo Escolar 2026-2027, el cual ser\u00e1 oficialmente el d\u00eda 31 de agosto. El profesor Celedonio Hern\u00e1ndez, maestro de Preescolar Ind\u00edgena, inform\u00f3 que del 24 al 28 de agosto se&hellip; <a class=\"more-link\" href=\"https:\/\/www.zunoticia.com\/noticias-de-hidalgo\/2026\/08\/29\/preescolar-indigena-listo-para-el-inicio-del-ciclo-escolar-2026-2027\/\">Seguir leyendo <span class=\"screen-reader-text\">Preescolar Ind\u00edgena listo para el inicio del Ciclo Escolar 2026-2027<\/span><\/a><\/p>\n","protected":false},"author":20,"featured_media":646905,"comment_status":"open","ping_status":"open","sticky":false,"template":"","format":"standard","meta":{"rop_custom_images_group":[],"rop_custom_messages_group":[],"rop_publish_now":"initial","rop_publish_now_accounts":{"facebook_10159540855086992_322828327761733":""},"rop_publish_now_history":[],"rop_publish_now_status":"pending","footnotes":""},"categories":[181],"tags":[121],"class_list":["post-646904","post","type-post","status-publish","format-standard","has-post-thumbnail","hentry","category-huejutla","tag-huejutla","entry"],"_links":{"self":[{"href":"https:\/\/www.zunoticia.com\/noticias-de-hidalgo\/wp-json\/wp\/v2\/posts\/646904","targetHints":{"allow":["GET"]}}],"collection":[{"href":"https:\/\/www.zunoticia.com\/noticias-de-hidalgo\/wp-json\/wp\/v2\/posts"}],"about":[{"href":"https:\/\/www.zunoticia.com\/noticias-de-hidalgo\/wp-json\/wp\/v2\/types\/post"}],"author":[{"embeddable":true,"href":"https:\/\/www.zunoticia.com\/noticias-de-hidalgo\/wp-json\/wp\/v2\/users\/20"}],"replies":[{"embeddable":true,"href":"https:\/\/www.zunoticia.com\/noticias-de-hidalgo\/wp-json\/wp\/v2\/comments?post=646904"}],"version-history":[{"count":1,"href":"https:\/\/www.zunoticia.com\/noticias-de-hidalgo\/wp-json\/wp\/v2\/posts\/646904\/revisions"}],"predecessor-version":[{"id":646906,"href":"https:\/\/www.zunoticia.com\/noticias-de-hidalgo\/wp-json\/wp\/v2\/posts\/646904\/revisions\/646906"}],"wp:featuredmedia":[{"embeddable":true,"href":"https:\/\/www.zunoticia.com\/noticias-de-hidalgo\/wp-json\/wp\/v2\/media\/646905"}],"wp:attachment":[{"href":"https:\/\/www.zunoticia.com\/noticias-de-hidalgo\/wp-json\/wp\/v2\/media?parent=646904"}],"wp:term":[{"taxonomy":"category","embeddable":true,"href":"https:\/\/www.zunoticia.com\/noticias-de-hidalgo\/wp-json\/wp\/v2\/categories?post=646904"},{"taxonomy":"post_tag","embeddable":true,"href":"https:\/\/www.zunoticia.com\/noticias-de-hidalgo\/wp-json\/wp\/v2\/tags?post=646904"}],"curies":[{"name":"wp","href":"https:\/\/api.w.org\/{rel}","templated":true}]}}