{"id":646907,"date":"2026-08-29T15:33:10","date_gmt":"2026-08-29T21:33:10","guid":{"rendered":"https:\/\/www.zunoticia.com\/noticias-de-hidalgo\/?p=646907"},"modified":"2026-08-29T15:33:11","modified_gmt":"2026-08-29T21:33:11","slug":"logias-masonicas-de-la-huasteca-firmaran-pacto-de-paz-y-amistad","status":"publish","type":"post","link":"https:\/\/www.zunoticia.com\/noticias-de-hidalgo\/2026\/08\/29\/logias-masonicas-de-la-huasteca-firmaran-pacto-de-paz-y-amistad\/","title":{"rendered":"Logias Mas\u00f3nicas de la Huasteca firmar\u00e1n pacto de Paz y Amistad"},"content":{"rendered":"<aside class=\"mashsb-container mashsb-main mashsb-stretched\"><div class=\"mashsb-box\"><div class=\"mashsb-count mash-large\" style=\"&quot;\"><div class=\"counts mashsbcount\">0<\/div><span class=\"mashsb-sharetext\">SHARES<\/span><\/div><div class=\"mashsb-buttons\"><a class=\"mashicon-facebook mash-large mash-center mashsb-noshadow\" href=\"https:\/\/www.facebook.com\/sharer.php?u=https%3A%2F%2Fwww.zunoticia.com%2Fnoticias-de-hidalgo%2F2026%2F08%2F29%2Flogias-masonicas-de-la-huasteca-firmaran-pacto-de-paz-y-amistad%2F\" target=\"_top\" rel=\"nofollow\"><span class=\"icon\"><\/span><span class=\"text\">Share<\/span><\/a><a class=\"mashicon-twitter mash-large mash-center mashsb-noshadow\" href=\"https:\/\/twitter.com\/intent\/tweet?text=&amp;url=https:\/\/www.zunoticia.com\/noticias-de-hidalgo\/2026\/08\/29\/logias-masonicas-de-la-huasteca-firmaran-pacto-de-paz-y-amistad\/\" target=\"_top\" rel=\"nofollow\"><span class=\"icon\"><\/span><span class=\"text\">Tweet<\/span><\/a><div class=\"onoffswitch2 mash-large mashsb-noshadow\" style=\"display:none\"><\/div><\/div>\n            <\/div>\n                <div style=\"clear:both\"><\/div><div class=\"mashsb-toggle-container\"><\/div><\/aside>\n            <!-- Share buttons by mashshare.net - Version: 4.0.47-->\n<p class=\"wp-block-paragraph\"><em>Por Enedino Hern\u00e1ndez \/ Zunoticia<\/em><\/p>\n\n\n\n<p class=\"wp-block-paragraph\"><strong>Huejutla, Hgo.-<\/strong> \u201cLa Ilustre y Respetable Logia Simb\u00f3lica Libre Huasteca N\u00famero 6 de Huejutla firmar\u00e1 un Convenio de Colaboraci\u00f3n con la Respetable Logia Oasis Potosino de Tamazunchale, San Luis Potos\u00ed\u201d.<\/p>\n\n\n\n<p class=\"wp-block-paragraph\">As\u00ed lo inform\u00f3 Armando Lara Nava, presidente de la Ilustre y Respetable Logia Simb\u00f3lica Libre Huasteca, quien detall\u00f3 que dicho convenio es conocido mas\u00f3nicamente como Garantes de Paz y Amistad.<\/p>\n\n\n\n<p class=\"wp-block-paragraph\">Explic\u00f3 que el objetivo es unificar la relaci\u00f3n fraternal y de trabajo que realiza la masoner\u00eda en beneficio de la sociedad en la regi\u00f3n Huasteca &#8220;forma parte de los trabajos que hemos venido realizando para unificar a la masoner\u00eda, no s\u00f3lo en sus respectivas obediencias de los estados y de las Grandes Logias, sino como masones huastecos con una identidad&#8221;.<\/p>\n\n\n\n<p class=\"wp-block-paragraph\">Indic\u00f3 que ya se han firmado acuerdos similares con otras Logias, como en P\u00e1nuco, Veracruz, y la idea es hacer este pacto con la totalidad de las Logias que pertenezcan a las Huastecas, sin importar el estado.<\/p>\n\n\n\n<p class=\"wp-block-paragraph\">Aunque el trabajo conjunto se realiza de manera informal desde hace meses, la formalizaci\u00f3n oficial se llevar\u00e1 a cabo el pr\u00f3ximo 5 de septiembre en Tamazunchale, S.L.P., con la presencia como testigo de honor del Muy Respetable Gran Maestro del Estado de San Luis Potos\u00ed.<\/p>\n","protected":false},"excerpt":{"rendered":"<p>Por Enedino Hern\u00e1ndez \/ Zunoticia Huejutla, Hgo.- \u201cLa Ilustre y Respetable Logia Simb\u00f3lica Libre Huasteca N\u00famero 6 de Huejutla firmar\u00e1 un Convenio de Colaboraci\u00f3n con la Respetable Logia Oasis Potosino de Tamazunchale, San Luis Potos\u00ed\u201d. As\u00ed lo inform\u00f3 Armando Lara Nava, presidente de la Ilustre y Respetable Logia Simb\u00f3lica Libre Huasteca, quien detall\u00f3 que dicho&hellip; <a class=\"more-link\" href=\"https:\/\/www.zunoticia.com\/noticias-de-hidalgo\/2026\/08\/29\/logias-masonicas-de-la-huasteca-firmaran-pacto-de-paz-y-amistad\/\">Seguir leyendo <span class=\"screen-reader-text\">Logias Mas\u00f3nicas de la Huasteca firmar\u00e1n pacto de Paz y Amistad<\/span><\/a><\/p>\n","protected":false},"author":20,"featured_media":646908,"comment_status":"open","ping_status":"open","sticky":false,"template":"","format":"standard","meta":{"rop_custom_images_group":[],"rop_custom_messages_group":[],"rop_publish_now":"initial","rop_publish_now_accounts":{"facebook_10159540855086992_322828327761733":""},"rop_publish_now_history":[],"rop_publish_now_status":"pending","footnotes":""},"categories":[181],"tags":[121],"class_list":["post-646907","post","type-post","status-publish","format-standard","has-post-thumbnail","hentry","category-huejutla","tag-huejutla","entry"],"_links":{"self":[{"href":"https:\/\/www.zunoticia.com\/noticias-de-hidalgo\/wp-json\/wp\/v2\/posts\/646907","targetHints":{"allow":["GET"]}}],"collection":[{"href":"https:\/\/www.zunoticia.com\/noticias-de-hidalgo\/wp-json\/wp\/v2\/posts"}],"about":[{"href":"https:\/\/www.zunoticia.com\/noticias-de-hidalgo\/wp-json\/wp\/v2\/types\/post"}],"author":[{"embeddable":true,"href":"https:\/\/www.zunoticia.com\/noticias-de-hidalgo\/wp-json\/wp\/v2\/users\/20"}],"replies":[{"embeddable":true,"href":"https:\/\/www.zunoticia.com\/noticias-de-hidalgo\/wp-json\/wp\/v2\/comments?post=646907"}],"version-history":[{"count":1,"href":"https:\/\/www.zunoticia.com\/noticias-de-hidalgo\/wp-json\/wp\/v2\/posts\/646907\/revisions"}],"predecessor-version":[{"id":646909,"href":"https:\/\/www.zunoticia.com\/noticias-de-hidalgo\/wp-json\/wp\/v2\/posts\/646907\/revisions\/646909"}],"wp:featuredmedia":[{"embeddable":true,"href":"https:\/\/www.zunoticia.com\/noticias-de-hidalgo\/wp-json\/wp\/v2\/media\/646908"}],"wp:attachment":[{"href":"https:\/\/www.zunoticia.com\/noticias-de-hidalgo\/wp-json\/wp\/v2\/media?parent=646907"}],"wp:term":[{"taxonomy":"category","embeddable":true,"href":"https:\/\/www.zunoticia.com\/noticias-de-hidalgo\/wp-json\/wp\/v2\/categories?post=646907"},{"taxonomy":"post_tag","embeddable":true,"href":"https:\/\/www.zunoticia.com\/noticias-de-hidalgo\/wp-json\/wp\/v2\/tags?post=646907"}],"curies":[{"name":"wp","href":"https:\/\/api.w.org\/{rel}","templated":true}]}}