{"id":646928,"date":"2026-08-29T19:15:40","date_gmt":"2026-08-30T01:15:40","guid":{"rendered":"https:\/\/www.zunoticia.com\/noticias-de-hidalgo\/?p=646928"},"modified":"2026-08-29T19:15:41","modified_gmt":"2026-08-30T01:15:41","slug":"destrozo-su-auto-al-chocar-con-muro-de-division","status":"publish","type":"post","link":"https:\/\/www.zunoticia.com\/noticias-de-hidalgo\/2026\/08\/29\/destrozo-su-auto-al-chocar-con-muro-de-division\/","title":{"rendered":"Destroz\u00f3 su auto al chocar con muro de divisi\u00f3n"},"content":{"rendered":"<aside class=\"mashsb-container mashsb-main mashsb-stretched\"><div class=\"mashsb-box\"><div class=\"mashsb-count mash-large\" style=\"&quot;\"><div class=\"counts mashsbcount\">0<\/div><span class=\"mashsb-sharetext\">SHARES<\/span><\/div><div class=\"mashsb-buttons\"><a class=\"mashicon-facebook mash-large mash-center mashsb-noshadow\" href=\"https:\/\/www.facebook.com\/sharer.php?u=https%3A%2F%2Fwww.zunoticia.com%2Fnoticias-de-hidalgo%2F2026%2F08%2F29%2Fdestrozo-su-auto-al-chocar-con-muro-de-division%2F\" target=\"_top\" rel=\"nofollow\"><span class=\"icon\"><\/span><span class=\"text\">Share<\/span><\/a><a class=\"mashicon-twitter mash-large mash-center mashsb-noshadow\" href=\"https:\/\/twitter.com\/intent\/tweet?text=&amp;url=https:\/\/www.zunoticia.com\/noticias-de-hidalgo\/2026\/08\/29\/destrozo-su-auto-al-chocar-con-muro-de-division\/\" target=\"_top\" rel=\"nofollow\"><span class=\"icon\"><\/span><span class=\"text\">Tweet<\/span><\/a><div class=\"onoffswitch2 mash-large mashsb-noshadow\" style=\"display:none\"><\/div><\/div>\n            <\/div>\n                <div style=\"clear:both\"><\/div><div class=\"mashsb-toggle-container\"><\/div><\/aside>\n            <!-- Share buttons by mashshare.net - Version: 4.0.47-->\n<p class=\"wp-block-paragraph\"><em>Por Roberto Meza Ram\u00edrez\/ Zunoticia<\/em><\/p>\n\n\n\n<p class=\"wp-block-paragraph\"><strong>Huejutla, Hgo<\/strong>.- Al perder el control de su autom\u00f3vil, se impact\u00f3 con el muro de divisi\u00f3n de la v\u00eda federal Huejutla-Tehuetl\u00e1n a la altura del Moreno, cuerpos de emergencia y polic\u00edas arribaron para auxiliar a una pareja.<\/p>\n\n\n\n<p class=\"wp-block-paragraph\">Fue la tarde de este s\u00e1bado cuando el automovilista se dirig\u00eda hacia la ciudad de Huejutla, pero en las inmediaciones de los sem\u00e1foros del Moreno perdi\u00f3 el control del veh\u00edculo Volkswagen, Jetta, color rojo y choc\u00f3 con la estructura de concreto.<\/p>\n\n\n\n<p class=\"wp-block-paragraph\">Al lugar llegaron elementos del Heroico Cuerpo de Bomberos para valorar a un hombre y una mujer s\u00f3lo en el lugar. Al sitio tambi\u00e9n arribaron polic\u00edas estatales y tras cumplir con los protocolos ordenaron el traslado del auto al corral\u00f3n.<\/p>\n\n\n\n<figure class=\"wp-block-gallery has-nested-images columns-default is-cropped wp-block-gallery-1 is-layout-flex wp-block-gallery-is-layout-flex\">\n<figure class=\"wp-block-image size-large\"><img fetchpriority=\"high\" decoding=\"async\" width=\"1024\" height=\"616\" data-id=\"646930\" src=\"https:\/\/www.zunoticia.com\/noticias-de-hidalgo\/wp-content\/uploads\/2026\/08\/WhatsApp-Image-2026-08-29-at-6.41.09-PM-1024x616.jpeg\" alt=\"\" class=\"wp-image-646930\" srcset=\"https:\/\/www.zunoticia.com\/noticias-de-hidalgo\/wp-content\/uploads\/2026\/08\/WhatsApp-Image-2026-08-29-at-6.41.09-PM-1024x616.jpeg 1024w, https:\/\/www.zunoticia.com\/noticias-de-hidalgo\/wp-content\/uploads\/2026\/08\/WhatsApp-Image-2026-08-29-at-6.41.09-PM-300x180.jpeg 300w, https:\/\/www.zunoticia.com\/noticias-de-hidalgo\/wp-content\/uploads\/2026\/08\/WhatsApp-Image-2026-08-29-at-6.41.09-PM-768x462.jpeg 768w, https:\/\/www.zunoticia.com\/noticias-de-hidalgo\/wp-content\/uploads\/2026\/08\/WhatsApp-Image-2026-08-29-at-6.41.09-PM-1536x924.jpeg 1536w, https:\/\/www.zunoticia.com\/noticias-de-hidalgo\/wp-content\/uploads\/2026\/08\/WhatsApp-Image-2026-08-29-at-6.41.09-PM-1568x944.jpeg 1568w, https:\/\/www.zunoticia.com\/noticias-de-hidalgo\/wp-content\/uploads\/2026\/08\/WhatsApp-Image-2026-08-29-at-6.41.09-PM.jpeg 1600w\" sizes=\"(max-width: 1024px) 100vw, 1024px\" \/><\/figure>\n\n\n\n<figure class=\"wp-block-image size-large\"><img decoding=\"async\" width=\"1024\" height=\"650\" data-id=\"646931\" src=\"https:\/\/www.zunoticia.com\/noticias-de-hidalgo\/wp-content\/uploads\/2026\/08\/WhatsApp-Image-2026-08-29-at-6.41.09-PM-1-1024x650.jpeg\" alt=\"\" class=\"wp-image-646931\" srcset=\"https:\/\/www.zunoticia.com\/noticias-de-hidalgo\/wp-content\/uploads\/2026\/08\/WhatsApp-Image-2026-08-29-at-6.41.09-PM-1-1024x650.jpeg 1024w, https:\/\/www.zunoticia.com\/noticias-de-hidalgo\/wp-content\/uploads\/2026\/08\/WhatsApp-Image-2026-08-29-at-6.41.09-PM-1-300x191.jpeg 300w, https:\/\/www.zunoticia.com\/noticias-de-hidalgo\/wp-content\/uploads\/2026\/08\/WhatsApp-Image-2026-08-29-at-6.41.09-PM-1-767x487.jpeg 767w, https:\/\/www.zunoticia.com\/noticias-de-hidalgo\/wp-content\/uploads\/2026\/08\/WhatsApp-Image-2026-08-29-at-6.41.09-PM-1-1536x975.jpeg 1536w, https:\/\/www.zunoticia.com\/noticias-de-hidalgo\/wp-content\/uploads\/2026\/08\/WhatsApp-Image-2026-08-29-at-6.41.09-PM-1-1568x996.jpeg 1568w, https:\/\/www.zunoticia.com\/noticias-de-hidalgo\/wp-content\/uploads\/2026\/08\/WhatsApp-Image-2026-08-29-at-6.41.09-PM-1.jpeg 1600w\" sizes=\"(max-width: 1024px) 100vw, 1024px\" \/><\/figure>\n<\/figure>\n","protected":false},"excerpt":{"rendered":"<p>Por Roberto Meza Ram\u00edrez\/ Zunoticia Huejutla, Hgo.- Al perder el control de su autom\u00f3vil, se impact\u00f3 con el muro de divisi\u00f3n de la v\u00eda federal Huejutla-Tehuetl\u00e1n a la altura del Moreno, cuerpos de emergencia y polic\u00edas arribaron para auxiliar a una pareja. Fue la tarde de este s\u00e1bado cuando el automovilista se dirig\u00eda hacia la&hellip; <a class=\"more-link\" href=\"https:\/\/www.zunoticia.com\/noticias-de-hidalgo\/2026\/08\/29\/destrozo-su-auto-al-chocar-con-muro-de-division\/\">Seguir leyendo <span class=\"screen-reader-text\">Destroz\u00f3 su auto al chocar con muro de divisi\u00f3n<\/span><\/a><\/p>\n","protected":false},"author":20,"featured_media":646929,"comment_status":"open","ping_status":"open","sticky":false,"template":"","format":"standard","meta":{"rop_custom_images_group":[],"rop_custom_messages_group":[],"rop_publish_now":"initial","rop_publish_now_accounts":{"facebook_10159540855086992_322828327761733":""},"rop_publish_now_history":[],"rop_publish_now_status":"pending","footnotes":""},"categories":[178],"tags":[259],"class_list":["post-646928","post","type-post","status-publish","format-standard","has-post-thumbnail","hentry","category-policiaca","tag-policiaca","entry"],"_links":{"self":[{"href":"https:\/\/www.zunoticia.com\/noticias-de-hidalgo\/wp-json\/wp\/v2\/posts\/646928","targetHints":{"allow":["GET"]}}],"collection":[{"href":"https:\/\/www.zunoticia.com\/noticias-de-hidalgo\/wp-json\/wp\/v2\/posts"}],"about":[{"href":"https:\/\/www.zunoticia.com\/noticias-de-hidalgo\/wp-json\/wp\/v2\/types\/post"}],"author":[{"embeddable":true,"href":"https:\/\/www.zunoticia.com\/noticias-de-hidalgo\/wp-json\/wp\/v2\/users\/20"}],"replies":[{"embeddable":true,"href":"https:\/\/www.zunoticia.com\/noticias-de-hidalgo\/wp-json\/wp\/v2\/comments?post=646928"}],"version-history":[{"count":1,"href":"https:\/\/www.zunoticia.com\/noticias-de-hidalgo\/wp-json\/wp\/v2\/posts\/646928\/revisions"}],"predecessor-version":[{"id":646932,"href":"https:\/\/www.zunoticia.com\/noticias-de-hidalgo\/wp-json\/wp\/v2\/posts\/646928\/revisions\/646932"}],"wp:featuredmedia":[{"embeddable":true,"href":"https:\/\/www.zunoticia.com\/noticias-de-hidalgo\/wp-json\/wp\/v2\/media\/646929"}],"wp:attachment":[{"href":"https:\/\/www.zunoticia.com\/noticias-de-hidalgo\/wp-json\/wp\/v2\/media?parent=646928"}],"wp:term":[{"taxonomy":"category","embeddable":true,"href":"https:\/\/www.zunoticia.com\/noticias-de-hidalgo\/wp-json\/wp\/v2\/categories?post=646928"},{"taxonomy":"post_tag","embeddable":true,"href":"https:\/\/www.zunoticia.com\/noticias-de-hidalgo\/wp-json\/wp\/v2\/tags?post=646928"}],"curies":[{"name":"wp","href":"https:\/\/api.w.org\/{rel}","templated":true}]}}