{"id":647011,"date":"2026-08-31T14:32:16","date_gmt":"2026-08-31T20:32:16","guid":{"rendered":"https:\/\/www.zunoticia.com\/noticias-de-hidalgo\/?p=647011"},"modified":"2026-08-31T14:32:17","modified_gmt":"2026-08-31T20:32:17","slug":"inicia-sin-contratiempos-el-ciclo-escolar-2026-2027-en-zona-de-preescolar-indigena","status":"publish","type":"post","link":"https:\/\/www.zunoticia.com\/noticias-de-hidalgo\/2026\/08\/31\/inicia-sin-contratiempos-el-ciclo-escolar-2026-2027-en-zona-de-preescolar-indigena\/","title":{"rendered":"Inicia sin contratiempos el Ciclo Escolar 2026-2027 en Zona de Preescolar Ind\u00edgena"},"content":{"rendered":"<aside class=\"mashsb-container mashsb-main mashsb-stretched\"><div class=\"mashsb-box\"><div class=\"mashsb-count mash-large\" style=\"&quot;\"><div class=\"counts mashsbcount\">0<\/div><span class=\"mashsb-sharetext\">SHARES<\/span><\/div><div class=\"mashsb-buttons\"><a class=\"mashicon-facebook mash-large mash-center mashsb-noshadow\" href=\"https:\/\/www.facebook.com\/sharer.php?u=https%3A%2F%2Fwww.zunoticia.com%2Fnoticias-de-hidalgo%2F2026%2F08%2F31%2Finicia-sin-contratiempos-el-ciclo-escolar-2026-2027-en-zona-de-preescolar-indigena%2F\" target=\"_top\" rel=\"nofollow\"><span class=\"icon\"><\/span><span class=\"text\">Share<\/span><\/a><a class=\"mashicon-twitter mash-large mash-center mashsb-noshadow\" href=\"https:\/\/twitter.com\/intent\/tweet?text=&amp;url=https:\/\/www.zunoticia.com\/noticias-de-hidalgo\/2026\/08\/31\/inicia-sin-contratiempos-el-ciclo-escolar-2026-2027-en-zona-de-preescolar-indigena\/\" target=\"_top\" rel=\"nofollow\"><span class=\"icon\"><\/span><span class=\"text\">Tweet<\/span><\/a><div class=\"onoffswitch2 mash-large mashsb-noshadow\" style=\"display:none\"><\/div><\/div>\n            <\/div>\n                <div style=\"clear:both\"><\/div><div class=\"mashsb-toggle-container\"><\/div><\/aside>\n            <!-- Share buttons by mashshare.net - Version: 4.0.47-->\n<p class=\"wp-block-paragraph\"><em>Por Enedino Hern\u00e1ndez \/ Zunoticia<\/em><\/p>\n\n\n\n<p class=\"wp-block-paragraph\"><strong>Huejutla, Hgo<\/strong>.- \u201cCon toda tranquilidad y con la entrega de \u00fatiles y libros de texto gratuitos, arranc\u00f3 este lunes 31 de agosto el Ciclo Escolar 2026-2027 en la Zona Escolar 07 de Educaci\u00f3n Inicial y Preescolar Ind\u00edgena\u201d, inform\u00f3 el supervisor escolar Profesor Casiano Hern\u00e1ndez Guzm\u00e1n.<\/p>\n\n\n\n<p class=\"wp-block-paragraph\">El arranque oficial se llev\u00f3 a cabo en los Centros de Educaci\u00f3n Preescolar Ind\u00edgena \u201cEmiliano Zapata\u201d y \u201cNicol\u00e1s Bravo\u201d de este municipio, en donde se realizaron los honores y la respectiva bienvenida a ni\u00f1as y ni\u00f1os.<\/p>\n\n\n\n<p class=\"wp-block-paragraph\">En el evento tambi\u00e9n estuvieron presentes el Profesor Juan Navarro \u00c1lvarez, jefe del Sector 01; la Profesora Josefa Serna Monta\u00f1o, Apoyo T\u00e9cnico Pedag\u00f3gico y el Profesor Emiliano Zamora, auxiliar del Sector 01, adem\u00e1s de autoridades locales, docentes, madres de familia y alumnos.<\/p>\n\n\n\n<figure class=\"wp-block-gallery has-nested-images columns-default is-cropped wp-block-gallery-1 is-layout-flex wp-block-gallery-is-layout-flex\">\n<figure class=\"wp-block-image size-large\"><img fetchpriority=\"high\" decoding=\"async\" width=\"1024\" height=\"538\" data-id=\"647013\" src=\"https:\/\/www.zunoticia.com\/noticias-de-hidalgo\/wp-content\/uploads\/2026\/08\/Zunoticia.com_-328-1024x538.png\" alt=\"\" class=\"wp-image-647013\" srcset=\"https:\/\/www.zunoticia.com\/noticias-de-hidalgo\/wp-content\/uploads\/2026\/08\/Zunoticia.com_-328-1024x538.png 1024w, https:\/\/www.zunoticia.com\/noticias-de-hidalgo\/wp-content\/uploads\/2026\/08\/Zunoticia.com_-328-300x158.png 300w, https:\/\/www.zunoticia.com\/noticias-de-hidalgo\/wp-content\/uploads\/2026\/08\/Zunoticia.com_-328-768x403.png 768w, https:\/\/www.zunoticia.com\/noticias-de-hidalgo\/wp-content\/uploads\/2026\/08\/Zunoticia.com_-328.png 1200w\" sizes=\"(max-width: 1024px) 100vw, 1024px\" \/><\/figure>\n\n\n\n<figure class=\"wp-block-image size-large\"><img decoding=\"async\" width=\"1024\" height=\"538\" data-id=\"647014\" src=\"https:\/\/www.zunoticia.com\/noticias-de-hidalgo\/wp-content\/uploads\/2026\/08\/Zunoticia.com-1-226-1024x538.png\" alt=\"\" class=\"wp-image-647014\" srcset=\"https:\/\/www.zunoticia.com\/noticias-de-hidalgo\/wp-content\/uploads\/2026\/08\/Zunoticia.com-1-226-1024x538.png 1024w, https:\/\/www.zunoticia.com\/noticias-de-hidalgo\/wp-content\/uploads\/2026\/08\/Zunoticia.com-1-226-300x158.png 300w, https:\/\/www.zunoticia.com\/noticias-de-hidalgo\/wp-content\/uploads\/2026\/08\/Zunoticia.com-1-226-768x403.png 768w, https:\/\/www.zunoticia.com\/noticias-de-hidalgo\/wp-content\/uploads\/2026\/08\/Zunoticia.com-1-226.png 1200w\" sizes=\"(max-width: 1024px) 100vw, 1024px\" \/><\/figure>\n<\/figure>\n\n\n\n<p class=\"wp-block-paragraph\">Casiano Hern\u00e1ndez Guzm\u00e1n, detall\u00f3 que la zona a su cargo comprende 17 centros de trabajo, 16 de preescolar y uno de educaci\u00f3n inicial, todos los cuales iniciaron actividades con normalidad y sin incidencias.<\/p>\n\n\n\n<p class=\"wp-block-paragraph\">Se\u00f1al\u00f3 que desde el primer d\u00eda del Ciclo Escolar los maestros entregaron los libros de texto y \u00fatiles escolares, para iniciar de lleno con las actividades acad\u00e9micas correspondientes.<\/p>\n\n\n\n<p class=\"wp-block-paragraph\">Finalmente, exhort\u00f3 a los docentes a trabajar conforme a los lineamientos de la Nueva Escuela Mexicana y llam\u00f3 a los padres de familia a no dejar solos a los maestros &#8220;el trabajo no es nada m\u00e1s del maestro, todos debemos participar\u201d.<\/p>\n","protected":false},"excerpt":{"rendered":"<p>Por Enedino Hern\u00e1ndez \/ Zunoticia Huejutla, Hgo.- \u201cCon toda tranquilidad y con la entrega de \u00fatiles y libros de texto gratuitos, arranc\u00f3 este lunes 31 de agosto el Ciclo Escolar 2026-2027 en la Zona Escolar 07 de Educaci\u00f3n Inicial y Preescolar Ind\u00edgena\u201d, inform\u00f3 el supervisor escolar Profesor Casiano Hern\u00e1ndez Guzm\u00e1n. El arranque oficial se llev\u00f3&hellip; <a class=\"more-link\" href=\"https:\/\/www.zunoticia.com\/noticias-de-hidalgo\/2026\/08\/31\/inicia-sin-contratiempos-el-ciclo-escolar-2026-2027-en-zona-de-preescolar-indigena\/\">Seguir leyendo <span class=\"screen-reader-text\">Inicia sin contratiempos el Ciclo Escolar 2026-2027 en Zona de Preescolar Ind\u00edgena<\/span><\/a><\/p>\n","protected":false},"author":20,"featured_media":647012,"comment_status":"open","ping_status":"open","sticky":false,"template":"","format":"standard","meta":{"rop_custom_images_group":[],"rop_custom_messages_group":[],"rop_publish_now":"initial","rop_publish_now_accounts":{"facebook_10159540855086992_322828327761733":""},"rop_publish_now_history":[],"rop_publish_now_status":"pending","footnotes":""},"categories":[181],"tags":[121],"class_list":["post-647011","post","type-post","status-publish","format-standard","has-post-thumbnail","hentry","category-huejutla","tag-huejutla","entry"],"_links":{"self":[{"href":"https:\/\/www.zunoticia.com\/noticias-de-hidalgo\/wp-json\/wp\/v2\/posts\/647011","targetHints":{"allow":["GET"]}}],"collection":[{"href":"https:\/\/www.zunoticia.com\/noticias-de-hidalgo\/wp-json\/wp\/v2\/posts"}],"about":[{"href":"https:\/\/www.zunoticia.com\/noticias-de-hidalgo\/wp-json\/wp\/v2\/types\/post"}],"author":[{"embeddable":true,"href":"https:\/\/www.zunoticia.com\/noticias-de-hidalgo\/wp-json\/wp\/v2\/users\/20"}],"replies":[{"embeddable":true,"href":"https:\/\/www.zunoticia.com\/noticias-de-hidalgo\/wp-json\/wp\/v2\/comments?post=647011"}],"version-history":[{"count":1,"href":"https:\/\/www.zunoticia.com\/noticias-de-hidalgo\/wp-json\/wp\/v2\/posts\/647011\/revisions"}],"predecessor-version":[{"id":647015,"href":"https:\/\/www.zunoticia.com\/noticias-de-hidalgo\/wp-json\/wp\/v2\/posts\/647011\/revisions\/647015"}],"wp:featuredmedia":[{"embeddable":true,"href":"https:\/\/www.zunoticia.com\/noticias-de-hidalgo\/wp-json\/wp\/v2\/media\/647012"}],"wp:attachment":[{"href":"https:\/\/www.zunoticia.com\/noticias-de-hidalgo\/wp-json\/wp\/v2\/media?parent=647011"}],"wp:term":[{"taxonomy":"category","embeddable":true,"href":"https:\/\/www.zunoticia.com\/noticias-de-hidalgo\/wp-json\/wp\/v2\/categories?post=647011"},{"taxonomy":"post_tag","embeddable":true,"href":"https:\/\/www.zunoticia.com\/noticias-de-hidalgo\/wp-json\/wp\/v2\/tags?post=647011"}],"curies":[{"name":"wp","href":"https:\/\/api.w.org\/{rel}","templated":true}]}}