{"id":647021,"date":"2026-08-31T15:22:13","date_gmt":"2026-08-31T21:22:13","guid":{"rendered":"https:\/\/www.zunoticia.com\/noticias-de-hidalgo\/?p=647021"},"modified":"2026-08-31T15:22:14","modified_gmt":"2026-08-31T21:22:14","slug":"proteccion-civil-reporta-saldo-blanco-en-inicio-del-ciclo-escolar-2026-2027","status":"publish","type":"post","link":"https:\/\/www.zunoticia.com\/noticias-de-hidalgo\/2026\/08\/31\/proteccion-civil-reporta-saldo-blanco-en-inicio-del-ciclo-escolar-2026-2027\/","title":{"rendered":"Protecci\u00f3n Civil reporta \u201csaldo blanco\u201d en inicio del Ciclo Escolar 2026-2027"},"content":{"rendered":"<aside class=\"mashsb-container mashsb-main mashsb-stretched\"><div class=\"mashsb-box\"><div class=\"mashsb-count mash-large\" style=\"&quot;\"><div class=\"counts mashsbcount\">0<\/div><span class=\"mashsb-sharetext\">SHARES<\/span><\/div><div class=\"mashsb-buttons\"><a class=\"mashicon-facebook mash-large mash-center mashsb-noshadow\" href=\"https:\/\/www.facebook.com\/sharer.php?u=https%3A%2F%2Fwww.zunoticia.com%2Fnoticias-de-hidalgo%2F2026%2F08%2F31%2Fproteccion-civil-reporta-saldo-blanco-en-inicio-del-ciclo-escolar-2026-2027%2F\" target=\"_top\" rel=\"nofollow\"><span class=\"icon\"><\/span><span class=\"text\">Share<\/span><\/a><a class=\"mashicon-twitter mash-large mash-center mashsb-noshadow\" href=\"https:\/\/twitter.com\/intent\/tweet?text=&amp;url=https:\/\/www.zunoticia.com\/noticias-de-hidalgo\/2026\/08\/31\/proteccion-civil-reporta-saldo-blanco-en-inicio-del-ciclo-escolar-2026-2027\/\" target=\"_top\" rel=\"nofollow\"><span class=\"icon\"><\/span><span class=\"text\">Tweet<\/span><\/a><div class=\"onoffswitch2 mash-large mashsb-noshadow\" style=\"display:none\"><\/div><\/div>\n            <\/div>\n                <div style=\"clear:both\"><\/div><div class=\"mashsb-toggle-container\"><\/div><\/aside>\n            <!-- Share buttons by mashshare.net - Version: 4.0.47-->\n<p class=\"wp-block-paragraph\"><em>Por Enedino Hern\u00e1ndez \/ Zunoticia<\/em><\/p>\n\n\n\n<p class=\"wp-block-paragraph\"><strong>Huejutla, Hgo<\/strong>.- La Direcci\u00f3n de Protecci\u00f3n Civil Municipal report\u00f3 \u201csaldo blanco\u201d durante el inicio del Ciclo Escolar 2026-2027, este 31 de agosto, en Huejutla, inform\u00f3 su titular, H\u00e9ctor Armando G\u00f3mez Hern\u00e1ndez.<\/p>\n\n\n\n<p class=\"wp-block-paragraph\">El funcionario explic\u00f3 que, aunque algunas universidades ya hab\u00edan iniciado, hoy se complement\u00f3 el retorno de todos los niveles educativos, &#8220;hasta el momento tenemos un saldo blanco, los compa\u00f1eros de Tr\u00e1nsito Municipal estuvieron apoyando en las ma\u00f1anas al ingreso y a la salida a las escuelas, lo que normalmente hacen y en el momento no hemos tenido ning\u00fan incidente de ning\u00fan tipo&#8221;.<\/p>\n\n\n\n<p class=\"wp-block-paragraph\">Indic\u00f3 que los \u00fanicos detalles registrados fueron personas que llegaron con prisa a los planteles, pero todo sin mayores consecuencias.<\/p>\n\n\n\n<p class=\"wp-block-paragraph\">Ante el mayor movimiento de personas y veh\u00edculos que genera el inicio del Ciclo Escolar, H\u00e9ctor Armando G\u00f3mez Hern\u00e1ndez, hizo un llamado a la prevenci\u00f3n, &#8220;que salgan con tiempo, b\u00e1sicamente es lo m\u00e1s principal, que se anticipen porque se genera mucho tr\u00e1fico, propio de la descarga y carga tanto del transporte p\u00fablico, taxis y personas, quienes llegan con sus veh\u00edculos que abarrotan las entradas principales como es el mercado, la entrada de las secundarias, la entrada de las primarias&#8221;.<\/p>\n\n\n\n<p class=\"wp-block-paragraph\">Asegur\u00f3 que Protecci\u00f3n Civil se mantiene atenta a cualquier llamado y que durante el periodo vacacional trabajaron de forma permanente con los directivos para dejar las escuelas en condiciones.<\/p>\n\n\n\n<p class=\"wp-block-paragraph\">Finalmente, dijo &#8220;estuvimos apoyando y continuamos atendiendo las solicitudes, algunas escuelas llegaron y no ten\u00edan agua, estuvimos surtiendo agua y estamos al pendiente de lo que podamos nosotros aportar para que estas actividades se desarrollen de manera correcta&#8221;.<\/p>\n","protected":false},"excerpt":{"rendered":"<p>Por Enedino Hern\u00e1ndez \/ Zunoticia Huejutla, Hgo.- La Direcci\u00f3n de Protecci\u00f3n Civil Municipal report\u00f3 \u201csaldo blanco\u201d durante el inicio del Ciclo Escolar 2026-2027, este 31 de agosto, en Huejutla, inform\u00f3 su titular, H\u00e9ctor Armando G\u00f3mez Hern\u00e1ndez. El funcionario explic\u00f3 que, aunque algunas universidades ya hab\u00edan iniciado, hoy se complement\u00f3 el retorno de todos los niveles&hellip; <a class=\"more-link\" href=\"https:\/\/www.zunoticia.com\/noticias-de-hidalgo\/2026\/08\/31\/proteccion-civil-reporta-saldo-blanco-en-inicio-del-ciclo-escolar-2026-2027\/\">Seguir leyendo <span class=\"screen-reader-text\">Protecci\u00f3n Civil reporta \u201csaldo blanco\u201d en inicio del Ciclo Escolar 2026-2027<\/span><\/a><\/p>\n","protected":false},"author":20,"featured_media":647022,"comment_status":"open","ping_status":"open","sticky":false,"template":"","format":"standard","meta":{"rop_custom_images_group":[],"rop_custom_messages_group":[],"rop_publish_now":"initial","rop_publish_now_accounts":{"facebook_10159540855086992_322828327761733":""},"rop_publish_now_history":[],"rop_publish_now_status":"pending","footnotes":""},"categories":[181],"tags":[121],"class_list":["post-647021","post","type-post","status-publish","format-standard","has-post-thumbnail","hentry","category-huejutla","tag-huejutla","entry"],"_links":{"self":[{"href":"https:\/\/www.zunoticia.com\/noticias-de-hidalgo\/wp-json\/wp\/v2\/posts\/647021","targetHints":{"allow":["GET"]}}],"collection":[{"href":"https:\/\/www.zunoticia.com\/noticias-de-hidalgo\/wp-json\/wp\/v2\/posts"}],"about":[{"href":"https:\/\/www.zunoticia.com\/noticias-de-hidalgo\/wp-json\/wp\/v2\/types\/post"}],"author":[{"embeddable":true,"href":"https:\/\/www.zunoticia.com\/noticias-de-hidalgo\/wp-json\/wp\/v2\/users\/20"}],"replies":[{"embeddable":true,"href":"https:\/\/www.zunoticia.com\/noticias-de-hidalgo\/wp-json\/wp\/v2\/comments?post=647021"}],"version-history":[{"count":1,"href":"https:\/\/www.zunoticia.com\/noticias-de-hidalgo\/wp-json\/wp\/v2\/posts\/647021\/revisions"}],"predecessor-version":[{"id":647023,"href":"https:\/\/www.zunoticia.com\/noticias-de-hidalgo\/wp-json\/wp\/v2\/posts\/647021\/revisions\/647023"}],"wp:featuredmedia":[{"embeddable":true,"href":"https:\/\/www.zunoticia.com\/noticias-de-hidalgo\/wp-json\/wp\/v2\/media\/647022"}],"wp:attachment":[{"href":"https:\/\/www.zunoticia.com\/noticias-de-hidalgo\/wp-json\/wp\/v2\/media?parent=647021"}],"wp:term":[{"taxonomy":"category","embeddable":true,"href":"https:\/\/www.zunoticia.com\/noticias-de-hidalgo\/wp-json\/wp\/v2\/categories?post=647021"},{"taxonomy":"post_tag","embeddable":true,"href":"https:\/\/www.zunoticia.com\/noticias-de-hidalgo\/wp-json\/wp\/v2\/tags?post=647021"}],"curies":[{"name":"wp","href":"https:\/\/api.w.org\/{rel}","templated":true}]}}