{"id":647024,"date":"2026-08-31T15:52:22","date_gmt":"2026-08-31T21:52:22","guid":{"rendered":"https:\/\/www.zunoticia.com\/noticias-de-hidalgo\/?p=647024"},"modified":"2026-08-31T15:52:23","modified_gmt":"2026-08-31T21:52:23","slug":"transporte-publico-retoma-su-ritmo","status":"publish","type":"post","link":"https:\/\/www.zunoticia.com\/noticias-de-hidalgo\/2026\/08\/31\/transporte-publico-retoma-su-ritmo\/","title":{"rendered":"Transporte p\u00fablico retoma su ritmo"},"content":{"rendered":"<aside class=\"mashsb-container mashsb-main mashsb-stretched\"><div class=\"mashsb-box\"><div class=\"mashsb-count mash-large\" style=\"&quot;\"><div class=\"counts mashsbcount\">0<\/div><span class=\"mashsb-sharetext\">SHARES<\/span><\/div><div class=\"mashsb-buttons\"><a class=\"mashicon-facebook mash-large mash-center mashsb-noshadow\" href=\"https:\/\/www.facebook.com\/sharer.php?u=https%3A%2F%2Fwww.zunoticia.com%2Fnoticias-de-hidalgo%2F2026%2F08%2F31%2Ftransporte-publico-retoma-su-ritmo%2F\" target=\"_top\" rel=\"nofollow\"><span class=\"icon\"><\/span><span class=\"text\">Share<\/span><\/a><a class=\"mashicon-twitter mash-large mash-center mashsb-noshadow\" href=\"https:\/\/twitter.com\/intent\/tweet?text=&amp;url=https:\/\/www.zunoticia.com\/noticias-de-hidalgo\/2026\/08\/31\/transporte-publico-retoma-su-ritmo\/\" target=\"_top\" rel=\"nofollow\"><span class=\"icon\"><\/span><span class=\"text\">Tweet<\/span><\/a><div class=\"onoffswitch2 mash-large mashsb-noshadow\" style=\"display:none\"><\/div><\/div>\n            <\/div>\n                <div style=\"clear:both\"><\/div><div class=\"mashsb-toggle-container\"><\/div><\/aside>\n            <!-- Share buttons by mashshare.net - Version: 4.0.47-->\n<p class=\"wp-block-paragraph\"><em>Por Gabriela Hern\u00e1ndez\/Zunoticia<\/em><\/p>\n\n\n\n<p class=\"wp-block-paragraph\"><strong>Huejutla, Hgo<\/strong>.- La movilidad en las calles de Huejutla aument\u00f3 de manera significativa este lunes con el regreso a clases del nivel b\u00e1sico y media superior, lo que tambi\u00e9n se reflej\u00f3 en una mayor afluencia de usuarios del transporte p\u00fablico.<\/p>\n\n\n\n<p class=\"wp-block-paragraph\">El operador de la ruta del Parque de Poblamiento, Antonio Hern\u00e1ndez Zurita, estim\u00f3 que la demanda aument\u00f3 hasta un 60 por ciento, representando un alivio para el sector transportista, debido a que durante las vacaciones disminuye considerablemente el n\u00famero de pasajeros.<\/p>\n\n\n\n<p class=\"wp-block-paragraph\">Reconoci\u00f3 que los transportistas contin\u00faan enfrentando gastos elevados por el combustible, mantenimiento y otros insumos necesarios para mantener las unidades en operaci\u00f3n, sin embargo, la ruta contin\u00faa avanzando pues se han aumentado nuevas unidades de transporte, incluso algunas con aire acondicionado, con el objetivo de ofrecer un excelente servicio al usuario.<\/p>\n\n\n\n<p class=\"wp-block-paragraph\">Finalmente, el sector transportista recomend\u00f3 a los usuarios tomar precauciones y salir con suficiente anticipaci\u00f3n para evitar aglomeraciones y retrasos durante los primeros d\u00edas del ciclo escolar.<\/p>\n","protected":false},"excerpt":{"rendered":"<p>Por Gabriela Hern\u00e1ndez\/Zunoticia Huejutla, Hgo.- La movilidad en las calles de Huejutla aument\u00f3 de manera significativa este lunes con el regreso a clases del nivel b\u00e1sico y media superior, lo que tambi\u00e9n se reflej\u00f3 en una mayor afluencia de usuarios del transporte p\u00fablico. El operador de la ruta del Parque de Poblamiento, Antonio Hern\u00e1ndez Zurita,&hellip; <a class=\"more-link\" href=\"https:\/\/www.zunoticia.com\/noticias-de-hidalgo\/2026\/08\/31\/transporte-publico-retoma-su-ritmo\/\">Seguir leyendo <span class=\"screen-reader-text\">Transporte p\u00fablico retoma su ritmo<\/span><\/a><\/p>\n","protected":false},"author":20,"featured_media":647025,"comment_status":"open","ping_status":"open","sticky":false,"template":"","format":"standard","meta":{"rop_custom_images_group":[],"rop_custom_messages_group":[],"rop_publish_now":"initial","rop_publish_now_accounts":{"facebook_10159540855086992_322828327761733":""},"rop_publish_now_history":[],"rop_publish_now_status":"pending","footnotes":""},"categories":[181],"tags":[121],"class_list":["post-647024","post","type-post","status-publish","format-standard","has-post-thumbnail","hentry","category-huejutla","tag-huejutla","entry"],"_links":{"self":[{"href":"https:\/\/www.zunoticia.com\/noticias-de-hidalgo\/wp-json\/wp\/v2\/posts\/647024","targetHints":{"allow":["GET"]}}],"collection":[{"href":"https:\/\/www.zunoticia.com\/noticias-de-hidalgo\/wp-json\/wp\/v2\/posts"}],"about":[{"href":"https:\/\/www.zunoticia.com\/noticias-de-hidalgo\/wp-json\/wp\/v2\/types\/post"}],"author":[{"embeddable":true,"href":"https:\/\/www.zunoticia.com\/noticias-de-hidalgo\/wp-json\/wp\/v2\/users\/20"}],"replies":[{"embeddable":true,"href":"https:\/\/www.zunoticia.com\/noticias-de-hidalgo\/wp-json\/wp\/v2\/comments?post=647024"}],"version-history":[{"count":1,"href":"https:\/\/www.zunoticia.com\/noticias-de-hidalgo\/wp-json\/wp\/v2\/posts\/647024\/revisions"}],"predecessor-version":[{"id":647026,"href":"https:\/\/www.zunoticia.com\/noticias-de-hidalgo\/wp-json\/wp\/v2\/posts\/647024\/revisions\/647026"}],"wp:featuredmedia":[{"embeddable":true,"href":"https:\/\/www.zunoticia.com\/noticias-de-hidalgo\/wp-json\/wp\/v2\/media\/647025"}],"wp:attachment":[{"href":"https:\/\/www.zunoticia.com\/noticias-de-hidalgo\/wp-json\/wp\/v2\/media?parent=647024"}],"wp:term":[{"taxonomy":"category","embeddable":true,"href":"https:\/\/www.zunoticia.com\/noticias-de-hidalgo\/wp-json\/wp\/v2\/categories?post=647024"},{"taxonomy":"post_tag","embeddable":true,"href":"https:\/\/www.zunoticia.com\/noticias-de-hidalgo\/wp-json\/wp\/v2\/tags?post=647024"}],"curies":[{"name":"wp","href":"https:\/\/api.w.org\/{rel}","templated":true}]}}