{"id":647027,"date":"2026-08-31T16:53:28","date_gmt":"2026-08-31T22:53:28","guid":{"rendered":"https:\/\/www.zunoticia.com\/noticias-de-hidalgo\/?p=647027"},"modified":"2026-08-31T16:53:30","modified_gmt":"2026-08-31T22:53:30","slug":"familias-disfrutaron-del-ultimo-fin-de-semana-de-vacaciones","status":"publish","type":"post","link":"https:\/\/www.zunoticia.com\/noticias-de-hidalgo\/2026\/08\/31\/familias-disfrutaron-del-ultimo-fin-de-semana-de-vacaciones\/","title":{"rendered":"Familias disfrutaron del \u00faltimo fin de semana de vacaciones"},"content":{"rendered":"<aside class=\"mashsb-container mashsb-main mashsb-stretched\"><div class=\"mashsb-box\"><div class=\"mashsb-count mash-large\" style=\"&quot;\"><div class=\"counts mashsbcount\">0<\/div><span class=\"mashsb-sharetext\">SHARES<\/span><\/div><div class=\"mashsb-buttons\"><a class=\"mashicon-facebook mash-large mash-center mashsb-noshadow\" href=\"https:\/\/www.facebook.com\/sharer.php?u=https%3A%2F%2Fwww.zunoticia.com%2Fnoticias-de-hidalgo%2F2026%2F08%2F31%2Ffamilias-disfrutaron-del-ultimo-fin-de-semana-de-vacaciones%2F\" target=\"_top\" rel=\"nofollow\"><span class=\"icon\"><\/span><span class=\"text\">Share<\/span><\/a><a class=\"mashicon-twitter mash-large mash-center mashsb-noshadow\" href=\"https:\/\/twitter.com\/intent\/tweet?text=&amp;url=https:\/\/www.zunoticia.com\/noticias-de-hidalgo\/2026\/08\/31\/familias-disfrutaron-del-ultimo-fin-de-semana-de-vacaciones\/\" target=\"_top\" rel=\"nofollow\"><span class=\"icon\"><\/span><span class=\"text\">Tweet<\/span><\/a><div class=\"onoffswitch2 mash-large mashsb-noshadow\" style=\"display:none\"><\/div><\/div>\n            <\/div>\n                <div style=\"clear:both\"><\/div><div class=\"mashsb-toggle-container\"><\/div><\/aside>\n            <!-- Share buttons by mashshare.net - Version: 4.0.47-->\n<p class=\"wp-block-paragraph\"><em>Por Gabriela Hern\u00e1ndez\/ Zunoticia<\/em><\/p>\n\n\n\n<p class=\"wp-block-paragraph\"><strong>Huejutla, Hgo<\/strong>.-Durante este fin de semana el centro hist\u00f3rico de Huejutla de Reyes, reuni\u00f3 a cientos de familias quienes disfrutaron de la plaza principal y sus alrededores.<\/p>\n\n\n\n<p class=\"wp-block-paragraph\">La plaza 21 de Mayo y el kiosco municipal fueron uno de los sitios en donde visitantes y locales degustaron comidas al aire libre y momentos de esparcimiento en compa\u00f1\u00eda de sus seres queridos.<\/p>\n\n\n\n<p class=\"wp-block-paragraph\">El pisal se vio abarrotado por ni\u00f1os, j\u00f3venes, adultos y adultos mayores, quienes disfrutaron de paseos familiares.&nbsp; La tradicional calma del reloj monumental se combin\u00f3 durante este fin de semana, en donde se aprovech\u00f3 hasta las \u00faltimas horas de descanso antes de retomar sus actividades cotidianas.<\/p>\n\n\n\n<p class=\"wp-block-paragraph\">Esta jornada final vacacional de verano, represent\u00f3 un alivio para el comercio, generando una gran derrama econ\u00f3mica, para los peque\u00f1os y medianos negocios, reflejando la relevancia de estas fechas como motor econ\u00f3mico en Huejutla de Reyes.<\/p>\n\n\n\n<p class=\"wp-block-paragraph\">Es importante se\u00f1alar que el centro hist\u00f3rico se mantuvo durante estas semanas como uno de los puntos de mayor afluencia, fortaleciendo la tradicional plaza principal y ofreciendo espacios de convivencia para las familias huejutlenses y for\u00e1neas.<\/p>\n\n\n\n<p class=\"wp-block-paragraph\">As\u00ed, entre un clima agradable y el ambiente familiar, la zona centro de Huejutla de Reyes, se convirti\u00f3 en uno de los puntos elegidos para despedir las vacaciones antes del regreso a clases.<\/p>\n\n\n\n<figure class=\"wp-block-image size-large\"><img fetchpriority=\"high\" decoding=\"async\" width=\"1024\" height=\"538\" src=\"https:\/\/www.zunoticia.com\/noticias-de-hidalgo\/wp-content\/uploads\/2026\/08\/Zunoticia.com-1-228-1024x538.png\" alt=\"\" class=\"wp-image-647029\" srcset=\"https:\/\/www.zunoticia.com\/noticias-de-hidalgo\/wp-content\/uploads\/2026\/08\/Zunoticia.com-1-228-1024x538.png 1024w, https:\/\/www.zunoticia.com\/noticias-de-hidalgo\/wp-content\/uploads\/2026\/08\/Zunoticia.com-1-228-300x158.png 300w, https:\/\/www.zunoticia.com\/noticias-de-hidalgo\/wp-content\/uploads\/2026\/08\/Zunoticia.com-1-228-768x403.png 768w, https:\/\/www.zunoticia.com\/noticias-de-hidalgo\/wp-content\/uploads\/2026\/08\/Zunoticia.com-1-228.png 1200w\" sizes=\"(max-width: 1024px) 100vw, 1024px\" \/><\/figure>\n","protected":false},"excerpt":{"rendered":"<p>Por Gabriela Hern\u00e1ndez\/ Zunoticia Huejutla, Hgo.-Durante este fin de semana el centro hist\u00f3rico de Huejutla de Reyes, reuni\u00f3 a cientos de familias quienes disfrutaron de la plaza principal y sus alrededores. La plaza 21 de Mayo y el kiosco municipal fueron uno de los sitios en donde visitantes y locales degustaron comidas al aire libre&hellip; <a class=\"more-link\" href=\"https:\/\/www.zunoticia.com\/noticias-de-hidalgo\/2026\/08\/31\/familias-disfrutaron-del-ultimo-fin-de-semana-de-vacaciones\/\">Seguir leyendo <span class=\"screen-reader-text\">Familias disfrutaron del \u00faltimo fin de semana de vacaciones<\/span><\/a><\/p>\n","protected":false},"author":20,"featured_media":647028,"comment_status":"open","ping_status":"open","sticky":false,"template":"","format":"standard","meta":{"rop_custom_images_group":[],"rop_custom_messages_group":[],"rop_publish_now":"initial","rop_publish_now_accounts":{"facebook_10159540855086992_322828327761733":""},"rop_publish_now_history":[],"rop_publish_now_status":"pending","footnotes":""},"categories":[181],"tags":[121],"class_list":["post-647027","post","type-post","status-publish","format-standard","has-post-thumbnail","hentry","category-huejutla","tag-huejutla","entry"],"_links":{"self":[{"href":"https:\/\/www.zunoticia.com\/noticias-de-hidalgo\/wp-json\/wp\/v2\/posts\/647027","targetHints":{"allow":["GET"]}}],"collection":[{"href":"https:\/\/www.zunoticia.com\/noticias-de-hidalgo\/wp-json\/wp\/v2\/posts"}],"about":[{"href":"https:\/\/www.zunoticia.com\/noticias-de-hidalgo\/wp-json\/wp\/v2\/types\/post"}],"author":[{"embeddable":true,"href":"https:\/\/www.zunoticia.com\/noticias-de-hidalgo\/wp-json\/wp\/v2\/users\/20"}],"replies":[{"embeddable":true,"href":"https:\/\/www.zunoticia.com\/noticias-de-hidalgo\/wp-json\/wp\/v2\/comments?post=647027"}],"version-history":[{"count":1,"href":"https:\/\/www.zunoticia.com\/noticias-de-hidalgo\/wp-json\/wp\/v2\/posts\/647027\/revisions"}],"predecessor-version":[{"id":647030,"href":"https:\/\/www.zunoticia.com\/noticias-de-hidalgo\/wp-json\/wp\/v2\/posts\/647027\/revisions\/647030"}],"wp:featuredmedia":[{"embeddable":true,"href":"https:\/\/www.zunoticia.com\/noticias-de-hidalgo\/wp-json\/wp\/v2\/media\/647028"}],"wp:attachment":[{"href":"https:\/\/www.zunoticia.com\/noticias-de-hidalgo\/wp-json\/wp\/v2\/media?parent=647027"}],"wp:term":[{"taxonomy":"category","embeddable":true,"href":"https:\/\/www.zunoticia.com\/noticias-de-hidalgo\/wp-json\/wp\/v2\/categories?post=647027"},{"taxonomy":"post_tag","embeddable":true,"href":"https:\/\/www.zunoticia.com\/noticias-de-hidalgo\/wp-json\/wp\/v2\/tags?post=647027"}],"curies":[{"name":"wp","href":"https:\/\/api.w.org\/{rel}","templated":true}]}}