{"id":647031,"date":"2026-08-31T17:01:24","date_gmt":"2026-08-31T23:01:24","guid":{"rendered":"https:\/\/www.zunoticia.com\/noticias-de-hidalgo\/?p=647031"},"modified":"2026-08-31T17:01:26","modified_gmt":"2026-08-31T23:01:26","slug":"comerciantes-esperan-buenas-ventas-por-inicio-del-ciclo-escolar-laurel","status":"publish","type":"post","link":"https:\/\/www.zunoticia.com\/noticias-de-hidalgo\/2026\/08\/31\/comerciantes-esperan-buenas-ventas-por-inicio-del-ciclo-escolar-laurel\/","title":{"rendered":"Comerciantes esperan buenas ventas por inicio del ciclo escolar: LAUREL"},"content":{"rendered":"<aside class=\"mashsb-container mashsb-main mashsb-stretched\"><div class=\"mashsb-box\"><div class=\"mashsb-count mash-large\" style=\"&quot;\"><div class=\"counts mashsbcount\">0<\/div><span class=\"mashsb-sharetext\">SHARES<\/span><\/div><div class=\"mashsb-buttons\"><a class=\"mashicon-facebook mash-large mash-center mashsb-noshadow\" href=\"https:\/\/www.facebook.com\/sharer.php?u=https%3A%2F%2Fwww.zunoticia.com%2Fnoticias-de-hidalgo%2F2026%2F08%2F31%2Fcomerciantes-esperan-buenas-ventas-por-inicio-del-ciclo-escolar-laurel%2F\" target=\"_top\" rel=\"nofollow\"><span class=\"icon\"><\/span><span class=\"text\">Share<\/span><\/a><a class=\"mashicon-twitter mash-large mash-center mashsb-noshadow\" href=\"https:\/\/twitter.com\/intent\/tweet?text=&amp;url=https:\/\/www.zunoticia.com\/noticias-de-hidalgo\/2026\/08\/31\/comerciantes-esperan-buenas-ventas-por-inicio-del-ciclo-escolar-laurel\/\" target=\"_top\" rel=\"nofollow\"><span class=\"icon\"><\/span><span class=\"text\">Tweet<\/span><\/a><div class=\"onoffswitch2 mash-large mashsb-noshadow\" style=\"display:none\"><\/div><\/div>\n            <\/div>\n                <div style=\"clear:both\"><\/div><div class=\"mashsb-toggle-container\"><\/div><\/aside>\n            <!-- Share buttons by mashshare.net - Version: 4.0.47-->\n<p class=\"wp-block-paragraph\"><em>Por Enedino Hern\u00e1ndez \/ Zunoticia<\/em><\/p>\n\n\n\n<p class=\"wp-block-paragraph\"><strong>Huejutla, Hgo<\/strong>.- \u201cCon motivo del inicio del Ciclo Escolar 2026-2027, previamente los comerciantes del tianguis reportaron un ligero repunte en las ventas, principalmente en art\u00edculos escolares\u201d, as\u00ed lo inform\u00f3 Esteban Hern\u00e1ndez Alvarado, presidente de la organizaci\u00f3n de comerciantes LAUREL.<\/p>\n\n\n\n<p class=\"wp-block-paragraph\">Se\u00f1al\u00f3 que este fin de semana se observ\u00f3 un mayor movimiento de las familias que salieron a comprar productos para el hogar y \u00fatiles para el ciclo escolar.<\/p>\n\n\n\n<p class=\"wp-block-paragraph\">&#8220;Pues hoy se dio un mayor movimiento, para quienes vienen a comprar productos que van a utilizar en su hogar y para lo escolar hay mucha gente ahorita, creo que ya va a empezar la venta m\u00e1s o menos&#8221;, expres\u00f3.<\/p>\n\n\n\n<p class=\"wp-block-paragraph\">Detall\u00f3 que el incremento hasta ahora ha sido poco y focalizado en lo escolar, mientras que otros giros se mantienen con ventas normales.<\/p>\n\n\n\n<p class=\"wp-block-paragraph\">&#8220;Pues poco, lo que es escolar s\u00ed, pero los dem\u00e1s productos que se venden a diario, est\u00e1 todo con la normalidad correspondiente, de aqu\u00ed para adelante ya habr\u00e1 de incrementar las ventas&#8221;, afirm\u00f3.<\/p>\n\n\n\n<p class=\"wp-block-paragraph\">Esteban Hern\u00e1ndez Alvarado, conf\u00eda en que las ventas mejoren en los pr\u00f3ximos d\u00edas con el arranque formal del ciclo escolar, ya que los padres de familia contin\u00faan surtiendo la lista de \u00fatiles.<\/p>\n\n\n\n<p class=\"wp-block-paragraph\">Ante el panorama, envi\u00f3 un mensaje a sus agremiados para no desanimarse y seguir trabajando &#8220;vamos a seguir trabajando, siempre hemos trabajado para que no se ag\u00fciten, vamos a trabajar&#8221;.<\/p>\n\n\n\n<p class=\"wp-block-paragraph\">Explic\u00f3 que actualmente lo que m\u00e1s se vende en el tianguis son art\u00edculos para el hogar, productos de la canasta b\u00e1sica y \u00fatiles escolares. Finalmente, hizo un llamado a la poblaci\u00f3n a consumir local y apoyar a los comerciantes de la regi\u00f3n &#8220;es importante y necesario que consuman lo que es local, lo que la gente de aqu\u00ed vende&#8221;.<\/p>\n","protected":false},"excerpt":{"rendered":"<p>Por Enedino Hern\u00e1ndez \/ Zunoticia Huejutla, Hgo.- \u201cCon motivo del inicio del Ciclo Escolar 2026-2027, previamente los comerciantes del tianguis reportaron un ligero repunte en las ventas, principalmente en art\u00edculos escolares\u201d, as\u00ed lo inform\u00f3 Esteban Hern\u00e1ndez Alvarado, presidente de la organizaci\u00f3n de comerciantes LAUREL. Se\u00f1al\u00f3 que este fin de semana se observ\u00f3 un mayor movimiento&hellip; <a class=\"more-link\" href=\"https:\/\/www.zunoticia.com\/noticias-de-hidalgo\/2026\/08\/31\/comerciantes-esperan-buenas-ventas-por-inicio-del-ciclo-escolar-laurel\/\">Seguir leyendo <span class=\"screen-reader-text\">Comerciantes esperan buenas ventas por inicio del ciclo escolar: LAUREL<\/span><\/a><\/p>\n","protected":false},"author":20,"featured_media":647032,"comment_status":"open","ping_status":"open","sticky":false,"template":"","format":"standard","meta":{"rop_custom_images_group":[],"rop_custom_messages_group":[],"rop_publish_now":"initial","rop_publish_now_accounts":{"facebook_10159540855086992_322828327761733":""},"rop_publish_now_history":[],"rop_publish_now_status":"pending","footnotes":""},"categories":[181],"tags":[121],"class_list":["post-647031","post","type-post","status-publish","format-standard","has-post-thumbnail","hentry","category-huejutla","tag-huejutla","entry"],"_links":{"self":[{"href":"https:\/\/www.zunoticia.com\/noticias-de-hidalgo\/wp-json\/wp\/v2\/posts\/647031","targetHints":{"allow":["GET"]}}],"collection":[{"href":"https:\/\/www.zunoticia.com\/noticias-de-hidalgo\/wp-json\/wp\/v2\/posts"}],"about":[{"href":"https:\/\/www.zunoticia.com\/noticias-de-hidalgo\/wp-json\/wp\/v2\/types\/post"}],"author":[{"embeddable":true,"href":"https:\/\/www.zunoticia.com\/noticias-de-hidalgo\/wp-json\/wp\/v2\/users\/20"}],"replies":[{"embeddable":true,"href":"https:\/\/www.zunoticia.com\/noticias-de-hidalgo\/wp-json\/wp\/v2\/comments?post=647031"}],"version-history":[{"count":1,"href":"https:\/\/www.zunoticia.com\/noticias-de-hidalgo\/wp-json\/wp\/v2\/posts\/647031\/revisions"}],"predecessor-version":[{"id":647033,"href":"https:\/\/www.zunoticia.com\/noticias-de-hidalgo\/wp-json\/wp\/v2\/posts\/647031\/revisions\/647033"}],"wp:featuredmedia":[{"embeddable":true,"href":"https:\/\/www.zunoticia.com\/noticias-de-hidalgo\/wp-json\/wp\/v2\/media\/647032"}],"wp:attachment":[{"href":"https:\/\/www.zunoticia.com\/noticias-de-hidalgo\/wp-json\/wp\/v2\/media?parent=647031"}],"wp:term":[{"taxonomy":"category","embeddable":true,"href":"https:\/\/www.zunoticia.com\/noticias-de-hidalgo\/wp-json\/wp\/v2\/categories?post=647031"},{"taxonomy":"post_tag","embeddable":true,"href":"https:\/\/www.zunoticia.com\/noticias-de-hidalgo\/wp-json\/wp\/v2\/tags?post=647031"}],"curies":[{"name":"wp","href":"https:\/\/api.w.org\/{rel}","templated":true}]}}