{"id":647035,"date":"2026-08-31T17:08:34","date_gmt":"2026-08-31T23:08:34","guid":{"rendered":"https:\/\/www.zunoticia.com\/noticias-de-hidalgo\/?p=647035"},"modified":"2026-08-31T17:08:36","modified_gmt":"2026-08-31T23:08:36","slug":"septiembre-registrara-fuertes-lluvias-en-la-region","status":"publish","type":"post","link":"https:\/\/www.zunoticia.com\/noticias-de-hidalgo\/2026\/08\/31\/septiembre-registrara-fuertes-lluvias-en-la-region\/","title":{"rendered":"Septiembre registrar\u00e1 fuertes lluvias en la regi\u00f3n"},"content":{"rendered":"<aside class=\"mashsb-container mashsb-main mashsb-stretched\"><div class=\"mashsb-box\"><div class=\"mashsb-count mash-large\" style=\"&quot;\"><div class=\"counts mashsbcount\">0<\/div><span class=\"mashsb-sharetext\">SHARES<\/span><\/div><div class=\"mashsb-buttons\"><a class=\"mashicon-facebook mash-large mash-center mashsb-noshadow\" href=\"https:\/\/www.facebook.com\/sharer.php?u=https%3A%2F%2Fwww.zunoticia.com%2Fnoticias-de-hidalgo%2F2026%2F08%2F31%2Fseptiembre-registrara-fuertes-lluvias-en-la-region%2F\" target=\"_top\" rel=\"nofollow\"><span class=\"icon\"><\/span><span class=\"text\">Share<\/span><\/a><a class=\"mashicon-twitter mash-large mash-center mashsb-noshadow\" href=\"https:\/\/twitter.com\/intent\/tweet?text=&amp;url=https:\/\/www.zunoticia.com\/noticias-de-hidalgo\/2026\/08\/31\/septiembre-registrara-fuertes-lluvias-en-la-region\/\" target=\"_top\" rel=\"nofollow\"><span class=\"icon\"><\/span><span class=\"text\">Tweet<\/span><\/a><div class=\"onoffswitch2 mash-large mashsb-noshadow\" style=\"display:none\"><\/div><\/div>\n            <\/div>\n                <div style=\"clear:both\"><\/div><div class=\"mashsb-toggle-container\"><\/div><\/aside>\n            <!-- Share buttons by mashshare.net - Version: 4.0.47-->\n<p class=\"wp-block-paragraph\"><em>Por Gabriela Hern\u00e1ndez\/Zunoticia<\/em><\/p>\n\n\n\n<p class=\"wp-block-paragraph\"><strong>Huejutla, Hgo<\/strong>.- Luego de una Can\u00edcula marcada por altas temperaturas y una notable disminuci\u00f3n de las precipitaciones, el panorama previsto para septiembre apunta hacia un escenario m\u00e1s inestable.<\/p>\n\n\n\n<p class=\"wp-block-paragraph\">Se espera un incremento en la actividad de ciclones tropicales -incluidas depresiones, tormentas y huracanes-, principalmente en el Pac\u00edfico, aunque tampoco se descarta actividad en el Atl\u00e1ntico.<\/p>\n\n\n\n<p class=\"wp-block-paragraph\">En la regi\u00f3n Huasteca, septiembre iniciar\u00e1 con un ambiente caluroso y bochornoso, aunque con la probabilidad de lluvias y tormentas en la entidad, as\u00ed lo inform\u00f3 la direcci\u00f3n de Protecci\u00f3n Civil municipal, que encabeza H\u00e9ctor G\u00f3mez.<\/p>\n\n\n\n<p class=\"wp-block-paragraph\">Las precipitaciones que se esperan en esta semana ser\u00edan aisladas, ligeras y ocasionalmente moderadas, por lo que del 31 de agosto al 6 de septiembre \u201cpersistir\u00e1 el ambiente caluroso y bochornoso, con lluvias y tormentas de distribuci\u00f3n irregular\u201d inform\u00f3.<\/p>\n\n\n\n<p class=\"wp-block-paragraph\">Para la semana del 8 al 14 de septiembre, las lluvias abundantes podr\u00edan continuar debido a la interacci\u00f3n entre el monz\u00f3n, las ondas tropicales y la posible formaci\u00f3n de ciclones. Tambi\u00e9n existe la posibilidad de que un frente fr\u00edo avance hacia el noreste, generando un periodo de lluvias y descenso de temperatura.<\/p>\n\n\n\n<p class=\"wp-block-paragraph\">Las autoridades locales llamaron a la poblaci\u00f3n a estar pendiente a trav\u00e9s de avisos oficiales y sobre los cambios de temperatura que se registren, ya que la mayor actividad de tormentas se concentra durante las tardes y noches, acompa\u00f1adas de abundante actividad el\u00e9ctrica y turbonadas, por lo que sugiri\u00f3 a la ciudadan\u00eda extremar precauciones al realizar actividades al aire libre y mantenerse informada.<\/p>\n\n\n\n<figure class=\"wp-block-image size-large\"><img fetchpriority=\"high\" decoding=\"async\" width=\"1024\" height=\"836\" src=\"https:\/\/www.zunoticia.com\/noticias-de-hidalgo\/wp-content\/uploads\/2026\/08\/WhatsApp-Image-2026-08-31-at-5.06.26-PM-1024x836.jpeg\" alt=\"\" class=\"wp-image-647037\" srcset=\"https:\/\/www.zunoticia.com\/noticias-de-hidalgo\/wp-content\/uploads\/2026\/08\/WhatsApp-Image-2026-08-31-at-5.06.26-PM-1024x836.jpeg 1024w, https:\/\/www.zunoticia.com\/noticias-de-hidalgo\/wp-content\/uploads\/2026\/08\/WhatsApp-Image-2026-08-31-at-5.06.26-PM-300x245.jpeg 300w, https:\/\/www.zunoticia.com\/noticias-de-hidalgo\/wp-content\/uploads\/2026\/08\/WhatsApp-Image-2026-08-31-at-5.06.26-PM-767x626.jpeg 767w, https:\/\/www.zunoticia.com\/noticias-de-hidalgo\/wp-content\/uploads\/2026\/08\/WhatsApp-Image-2026-08-31-at-5.06.26-PM.jpeg 1078w\" sizes=\"(max-width: 1024px) 100vw, 1024px\" \/><\/figure>\n","protected":false},"excerpt":{"rendered":"<p>Por Gabriela Hern\u00e1ndez\/Zunoticia Huejutla, Hgo.- Luego de una Can\u00edcula marcada por altas temperaturas y una notable disminuci\u00f3n de las precipitaciones, el panorama previsto para septiembre apunta hacia un escenario m\u00e1s inestable. Se espera un incremento en la actividad de ciclones tropicales -incluidas depresiones, tormentas y huracanes-, principalmente en el Pac\u00edfico, aunque tampoco se descarta actividad&hellip; <a class=\"more-link\" href=\"https:\/\/www.zunoticia.com\/noticias-de-hidalgo\/2026\/08\/31\/septiembre-registrara-fuertes-lluvias-en-la-region\/\">Seguir leyendo <span class=\"screen-reader-text\">Septiembre registrar\u00e1 fuertes lluvias en la regi\u00f3n<\/span><\/a><\/p>\n","protected":false},"author":20,"featured_media":647036,"comment_status":"open","ping_status":"open","sticky":false,"template":"","format":"standard","meta":{"rop_custom_images_group":[],"rop_custom_messages_group":[],"rop_publish_now":"initial","rop_publish_now_accounts":{"facebook_10159540855086992_322828327761733":""},"rop_publish_now_history":[],"rop_publish_now_status":"pending","footnotes":""},"categories":[181],"tags":[121],"class_list":["post-647035","post","type-post","status-publish","format-standard","has-post-thumbnail","hentry","category-huejutla","tag-huejutla","entry"],"_links":{"self":[{"href":"https:\/\/www.zunoticia.com\/noticias-de-hidalgo\/wp-json\/wp\/v2\/posts\/647035","targetHints":{"allow":["GET"]}}],"collection":[{"href":"https:\/\/www.zunoticia.com\/noticias-de-hidalgo\/wp-json\/wp\/v2\/posts"}],"about":[{"href":"https:\/\/www.zunoticia.com\/noticias-de-hidalgo\/wp-json\/wp\/v2\/types\/post"}],"author":[{"embeddable":true,"href":"https:\/\/www.zunoticia.com\/noticias-de-hidalgo\/wp-json\/wp\/v2\/users\/20"}],"replies":[{"embeddable":true,"href":"https:\/\/www.zunoticia.com\/noticias-de-hidalgo\/wp-json\/wp\/v2\/comments?post=647035"}],"version-history":[{"count":1,"href":"https:\/\/www.zunoticia.com\/noticias-de-hidalgo\/wp-json\/wp\/v2\/posts\/647035\/revisions"}],"predecessor-version":[{"id":647038,"href":"https:\/\/www.zunoticia.com\/noticias-de-hidalgo\/wp-json\/wp\/v2\/posts\/647035\/revisions\/647038"}],"wp:featuredmedia":[{"embeddable":true,"href":"https:\/\/www.zunoticia.com\/noticias-de-hidalgo\/wp-json\/wp\/v2\/media\/647036"}],"wp:attachment":[{"href":"https:\/\/www.zunoticia.com\/noticias-de-hidalgo\/wp-json\/wp\/v2\/media?parent=647035"}],"wp:term":[{"taxonomy":"category","embeddable":true,"href":"https:\/\/www.zunoticia.com\/noticias-de-hidalgo\/wp-json\/wp\/v2\/categories?post=647035"},{"taxonomy":"post_tag","embeddable":true,"href":"https:\/\/www.zunoticia.com\/noticias-de-hidalgo\/wp-json\/wp\/v2\/tags?post=647035"}],"curies":[{"name":"wp","href":"https:\/\/api.w.org\/{rel}","templated":true}]}}