{"id":647039,"date":"2026-08-31T17:14:05","date_gmt":"2026-08-31T23:14:05","guid":{"rendered":"https:\/\/www.zunoticia.com\/noticias-de-hidalgo\/?p=647039"},"modified":"2026-08-31T17:14:06","modified_gmt":"2026-08-31T23:14:06","slug":"capacita-ssh-a-163-profesionales-y-estudiantes-para-la-deteccion-oportuna-del-cancer-de-cuello-uterino","status":"publish","type":"post","link":"https:\/\/www.zunoticia.com\/noticias-de-hidalgo\/2026\/08\/31\/capacita-ssh-a-163-profesionales-y-estudiantes-para-la-deteccion-oportuna-del-cancer-de-cuello-uterino\/","title":{"rendered":"Capacita SSH a 163 profesionales y estudiantes para la detecci\u00f3n oportuna del c\u00e1ncer de cuello uterino"},"content":{"rendered":"<aside class=\"mashsb-container mashsb-main mashsb-stretched\"><div class=\"mashsb-box\"><div class=\"mashsb-count mash-large\" style=\"&quot;\"><div class=\"counts mashsbcount\">0<\/div><span class=\"mashsb-sharetext\">SHARES<\/span><\/div><div class=\"mashsb-buttons\"><a class=\"mashicon-facebook mash-large mash-center mashsb-noshadow\" href=\"https:\/\/www.facebook.com\/sharer.php?u=https%3A%2F%2Fwww.zunoticia.com%2Fnoticias-de-hidalgo%2F2026%2F08%2F31%2Fcapacita-ssh-a-163-profesionales-y-estudiantes-para-la-deteccion-oportuna-del-cancer-de-cuello-uterino%2F\" target=\"_top\" rel=\"nofollow\"><span class=\"icon\"><\/span><span class=\"text\">Share<\/span><\/a><a class=\"mashicon-twitter mash-large mash-center mashsb-noshadow\" href=\"https:\/\/twitter.com\/intent\/tweet?text=&amp;url=https:\/\/www.zunoticia.com\/noticias-de-hidalgo\/2026\/08\/31\/capacita-ssh-a-163-profesionales-y-estudiantes-para-la-deteccion-oportuna-del-cancer-de-cuello-uterino\/\" target=\"_top\" rel=\"nofollow\"><span class=\"icon\"><\/span><span class=\"text\">Tweet<\/span><\/a><div class=\"onoffswitch2 mash-large mashsb-noshadow\" style=\"display:none\"><\/div><\/div>\n            <\/div>\n                <div style=\"clear:both\"><\/div><div class=\"mashsb-toggle-container\"><\/div><\/aside>\n            <!-- Share buttons by mashshare.net - Version: 4.0.47-->\n<ul class=\"wp-block-list\">\n<li>La actualizaci\u00f3n del personal de salud fortalece la atenci\u00f3n integral y contribuye a salvar vidas\u00a0<\/li>\n<\/ul>\n\n\n\n<p class=\"wp-block-paragraph\"><em>Por Redacci\u00f3n\/Zunoticia<\/em><\/p>\n\n\n\n<p class=\"wp-block-paragraph\"><strong>Pachuca de Soto, Hgo.-<\/strong> La Secretar\u00eda de Salud de Hidalgo (SSH) capacit\u00f3 a 163 profesionales de la salud y estudiantes de instituciones p\u00fablicas y privadas para fortalecer las competencias t\u00e9cnicas en la prevenci\u00f3n, detecci\u00f3n oportuna y atenci\u00f3n del c\u00e1ncer de cuello uterino, una de las principales causas de enfermedad y muerte entre las mujeres cuando no se identifica y trata a tiempo.<\/p>\n\n\n\n<p class=\"wp-block-paragraph\">La jornada acad\u00e9mica reuni\u00f3 a personal del Centro M\u00e9dico Nacional Siglo XXI, IMSS Ordinario, ISSSTE, IMSS Bienestar, as\u00ed como al Instituto de Estudios Superiores Elise Freinet, Interm\u00e9dica, Hospital del Ni\u00f1o DIF Hidalgo, Universidad Aut\u00f3noma del Estado de Hidalgo (UAEH) y Universidad La Salle Pachuca, fortaleciendo el trabajo coordinado entre instituciones para mejorar la calidad de la atenci\u00f3n que reciben las mujeres hidalguenses.<\/p>\n\n\n\n<p class=\"wp-block-paragraph\">Durante su mensaje inaugural, la secretaria de Salud de Hidalgo, Vanesa Escalante Arroyo, destac\u00f3 que la actualizaci\u00f3n permanente del personal sanitario es una herramienta fundamental para fortalecer las acciones preventivas, ampliar la detecci\u00f3n oportuna y garantizar el acceso a servicios de calidad.&nbsp;<\/p>\n\n\n\n<p class=\"wp-block-paragraph\">Asimismo, se\u00f1al\u00f3 que la visi\u00f3n de transformaci\u00f3n impulsada por el gobernador Julio Menchaca Salazar coloca a la prevenci\u00f3n como uno de los ejes prioritarios para proteger la salud de las y los hidalguenses.<\/p>\n\n\n\n<p class=\"wp-block-paragraph\">La titular de la SSH resalt\u00f3 que, bajo esta perspectiva, se impulsan estrategias como las Brigadas de la Salud, mediante las cuales se acercan servicios preventivos, acciones de detecci\u00f3n oportuna y orientaci\u00f3n m\u00e9dica a las comunidades, especialmente en aquellas con mayores barreras de acceso, permitiendo identificar de manera temprana padecimientos que pueden prevenirse o tratarse con \u00e9xito.<\/p>\n\n\n\n<p class=\"wp-block-paragraph\">El c\u00e1ncer de cuello uterino es una enfermedad prevenible y altamente tratable cuando se fortalecen las acciones de vacunaci\u00f3n contra el Virus del Papiloma Humano (VPH), el tamizaje y el tratamiento oportuno de lesiones precursoras. Por ello, la capacitaci\u00f3n continua del personal de salud resulta fundamental para actualizar conocimientos, homologar criterios t\u00e9cnicos e incorporar pr\u00e1cticas basadas en evidencia cient\u00edfica y derechos humanos.<\/p>\n\n\n\n<p class=\"wp-block-paragraph\">Como parte de la jornada particip\u00f3 Lucely Cetina P\u00e9rez, directora acad\u00e9mica del Instituto Nacional de Cancerolog\u00eda (INCAN), quien imparti\u00f3 la conferencia sobre prevenci\u00f3n primaria y secundaria del c\u00e1ncer de cuello uterino.<\/p>\n\n\n\n<p class=\"wp-block-paragraph\">Mientras que Eduardo C\u00e9sar Lazcano Ponce, director general del Instituto Nacional de Salud P\u00fablica (INSP), particip\u00f3 de manera virtual con la ponencia \u201cRetos para c\u00e1ncer de cuello del \u00fatero en M\u00e9xico\u201d.<\/p>\n\n\n\n<p class=\"wp-block-paragraph\">De acuerdo con la Organizaci\u00f3n Mundial de la Salud (OMS), el c\u00e1ncer de cuello uterino puede eliminarse como problema de salud p\u00fablica mediante el cumplimiento de las metas 90-70-90: alcanzar una cobertura de vacunaci\u00f3n contra el VPH del 90 por ciento, realizar pruebas de detecci\u00f3n al 70 por ciento de las mujeres en edades clave y garantizar tratamiento al 90 por ciento de quienes presenten lesiones precursoras o c\u00e1ncer cervicouterino.&nbsp;<\/p>\n","protected":false},"excerpt":{"rendered":"<p>Por Redacci\u00f3n\/Zunoticia Pachuca de Soto, Hgo.- La Secretar\u00eda de Salud de Hidalgo (SSH) capacit\u00f3 a 163 profesionales de la salud y estudiantes de instituciones p\u00fablicas y privadas para fortalecer las competencias t\u00e9cnicas en la prevenci\u00f3n, detecci\u00f3n oportuna y atenci\u00f3n del c\u00e1ncer de cuello uterino, una de las principales causas de enfermedad y muerte entre las&hellip; <a class=\"more-link\" href=\"https:\/\/www.zunoticia.com\/noticias-de-hidalgo\/2026\/08\/31\/capacita-ssh-a-163-profesionales-y-estudiantes-para-la-deteccion-oportuna-del-cancer-de-cuello-uterino\/\">Seguir leyendo <span class=\"screen-reader-text\">Capacita SSH a 163 profesionales y estudiantes para la detecci\u00f3n oportuna del c\u00e1ncer de cuello uterino<\/span><\/a><\/p>\n","protected":false},"author":20,"featured_media":647040,"comment_status":"open","ping_status":"open","sticky":false,"template":"","format":"standard","meta":{"rop_custom_images_group":[],"rop_custom_messages_group":[],"rop_publish_now":"initial","rop_publish_now_accounts":{"facebook_10159540855086992_322828327761733":""},"rop_publish_now_history":[],"rop_publish_now_status":"pending","footnotes":""},"categories":[208],"tags":[214],"class_list":["post-647039","post","type-post","status-publish","format-standard","has-post-thumbnail","hentry","category-estado","tag-estado","entry"],"_links":{"self":[{"href":"https:\/\/www.zunoticia.com\/noticias-de-hidalgo\/wp-json\/wp\/v2\/posts\/647039","targetHints":{"allow":["GET"]}}],"collection":[{"href":"https:\/\/www.zunoticia.com\/noticias-de-hidalgo\/wp-json\/wp\/v2\/posts"}],"about":[{"href":"https:\/\/www.zunoticia.com\/noticias-de-hidalgo\/wp-json\/wp\/v2\/types\/post"}],"author":[{"embeddable":true,"href":"https:\/\/www.zunoticia.com\/noticias-de-hidalgo\/wp-json\/wp\/v2\/users\/20"}],"replies":[{"embeddable":true,"href":"https:\/\/www.zunoticia.com\/noticias-de-hidalgo\/wp-json\/wp\/v2\/comments?post=647039"}],"version-history":[{"count":1,"href":"https:\/\/www.zunoticia.com\/noticias-de-hidalgo\/wp-json\/wp\/v2\/posts\/647039\/revisions"}],"predecessor-version":[{"id":647041,"href":"https:\/\/www.zunoticia.com\/noticias-de-hidalgo\/wp-json\/wp\/v2\/posts\/647039\/revisions\/647041"}],"wp:featuredmedia":[{"embeddable":true,"href":"https:\/\/www.zunoticia.com\/noticias-de-hidalgo\/wp-json\/wp\/v2\/media\/647040"}],"wp:attachment":[{"href":"https:\/\/www.zunoticia.com\/noticias-de-hidalgo\/wp-json\/wp\/v2\/media?parent=647039"}],"wp:term":[{"taxonomy":"category","embeddable":true,"href":"https:\/\/www.zunoticia.com\/noticias-de-hidalgo\/wp-json\/wp\/v2\/categories?post=647039"},{"taxonomy":"post_tag","embeddable":true,"href":"https:\/\/www.zunoticia.com\/noticias-de-hidalgo\/wp-json\/wp\/v2\/tags?post=647039"}],"curies":[{"name":"wp","href":"https:\/\/api.w.org\/{rel}","templated":true}]}}