{"id":647053,"date":"2026-08-31T18:28:18","date_gmt":"2026-09-01T00:28:18","guid":{"rendered":"https:\/\/www.zunoticia.com\/noticias-de-hidalgo\/?p=647053"},"modified":"2026-08-31T18:28:20","modified_gmt":"2026-09-01T00:28:20","slug":"impulsan-autonomia-laboral-de-personas-con-discapacidad-en-hidalgo","status":"publish","type":"post","link":"https:\/\/www.zunoticia.com\/noticias-de-hidalgo\/2026\/08\/31\/impulsan-autonomia-laboral-de-personas-con-discapacidad-en-hidalgo\/","title":{"rendered":"Impulsan autonom\u00eda laboral de personas\u00a0con discapacidad en Hidalgo"},"content":{"rendered":"<aside class=\"mashsb-container mashsb-main mashsb-stretched\"><div class=\"mashsb-box\"><div class=\"mashsb-count mash-large\" style=\"&quot;\"><div class=\"counts mashsbcount\">0<\/div><span class=\"mashsb-sharetext\">SHARES<\/span><\/div><div class=\"mashsb-buttons\"><a class=\"mashicon-facebook mash-large mash-center mashsb-noshadow\" href=\"https:\/\/www.facebook.com\/sharer.php?u=https%3A%2F%2Fwww.zunoticia.com%2Fnoticias-de-hidalgo%2F2026%2F08%2F31%2Fimpulsan-autonomia-laboral-de-personas-con-discapacidad-en-hidalgo%2F\" target=\"_top\" rel=\"nofollow\"><span class=\"icon\"><\/span><span class=\"text\">Share<\/span><\/a><a class=\"mashicon-twitter mash-large mash-center mashsb-noshadow\" href=\"https:\/\/twitter.com\/intent\/tweet?text=&amp;url=https:\/\/www.zunoticia.com\/noticias-de-hidalgo\/2026\/08\/31\/impulsan-autonomia-laboral-de-personas-con-discapacidad-en-hidalgo\/\" target=\"_top\" rel=\"nofollow\"><span class=\"icon\"><\/span><span class=\"text\">Tweet<\/span><\/a><div class=\"onoffswitch2 mash-large mashsb-noshadow\" style=\"display:none\"><\/div><\/div>\n            <\/div>\n                <div style=\"clear:both\"><\/div><div class=\"mashsb-toggle-container\"><\/div><\/aside>\n            <!-- Share buttons by mashshare.net - Version: 4.0.47-->\n<ul class=\"wp-block-list\">\n<li>El programa cuenta con una comunidad activa de 30 personas, 10 productoras y 20 practicantes<\/li>\n<\/ul>\n\n\n\n<p class=\"wp-block-paragraph\"><em>Por Redacci\u00f3n\/Zunoticia<\/em><\/p>\n\n\n\n<p class=\"wp-block-paragraph\"><strong>Pachuca de Soto, Hgo<\/strong>.- Con el compromiso de construir un estado m\u00e1s equitativo, accesible y humano, la Secretar\u00eda de Bienestar e Inclusi\u00f3n Social (Sebiso), a trav\u00e9s de la Direcci\u00f3n de Inclusi\u00f3n para las Personas con Discapacidad, lleva a cabo un taller de habilidades laborales dise\u00f1ado para abrir puertas a la experiencia pr\u00e1ctica y promover la autonom\u00eda econ\u00f3mica de las personas con discapacidad en Hidalgo.<\/p>\n\n\n\n<p class=\"wp-block-paragraph\">Esta iniciativa ofrece a las y los participantes la oportunidad de adentrarse en el sector productivo mediante un programa de formaci\u00f3n enfocado en la costura, centrado principalmente en la elaboraci\u00f3n artesanal de piezas para peluches.&nbsp;<\/p>\n\n\n\n<p class=\"wp-block-paragraph\">M\u00e1s all\u00e1 de una t\u00e9cnica manual, el taller est\u00e1 estructurado para que las y los asistentes aprendan sobre los procesos de producci\u00f3n y desarrollen habilidades clave como la gesti\u00f3n del tiempo, el cumplimiento de metas y la disciplina de un esquema de trabajo adaptado a sus din\u00e1micas familiares desde casa, sentando las bases para que en el futuro puedan postular a oportunidades laborales de mayor formalidad.<\/p>\n\n\n\n<p class=\"wp-block-paragraph\">Las jornadas de formaci\u00f3n se realizan de manera presencial en las instalaciones de la Direcci\u00f3n de Inclusi\u00f3n, donde el personal capacita a las y los asistentes en las t\u00e9cnicas de costura y confecci\u00f3n.&nbsp;<\/p>\n\n\n\n<p class=\"wp-block-paragraph\">Conforme las y los participantes avanzan y perfeccionan su producci\u00f3n, la f\u00e1brica receptora de estas piezas puede adquirirlas y brindar un apoyo econ\u00f3mico directo durante su capacitaci\u00f3n. Este beneficio monetario sirve como un incentivo constante que inspira, recompensa y reconoce su valioso esfuerzo e impulso productivo.<\/p>\n\n\n\n<p class=\"wp-block-paragraph\">Adem\u00e1s del impacto econ\u00f3mico y el aprendizaje t\u00e9cnico, el espacio de capacitaci\u00f3n se ha consolidado como un entorno recreativo y de convivencia comunitaria, permitiendo a las y los asistentes tejer redes de apoyo mutuo, socializar y fortalecer lazos afectivos que abaten el aislamiento social.<\/p>\n\n\n\n<figure class=\"wp-block-image size-large\"><img fetchpriority=\"high\" decoding=\"async\" width=\"1024\" height=\"538\" src=\"https:\/\/www.zunoticia.com\/noticias-de-hidalgo\/wp-content\/uploads\/2026\/08\/Zunoticia.com_-336-1024x538.png\" alt=\"\" class=\"wp-image-647059\" srcset=\"https:\/\/www.zunoticia.com\/noticias-de-hidalgo\/wp-content\/uploads\/2026\/08\/Zunoticia.com_-336-1024x538.png 1024w, https:\/\/www.zunoticia.com\/noticias-de-hidalgo\/wp-content\/uploads\/2026\/08\/Zunoticia.com_-336-300x158.png 300w, https:\/\/www.zunoticia.com\/noticias-de-hidalgo\/wp-content\/uploads\/2026\/08\/Zunoticia.com_-336-768x403.png 768w, https:\/\/www.zunoticia.com\/noticias-de-hidalgo\/wp-content\/uploads\/2026\/08\/Zunoticia.com_-336.png 1200w\" sizes=\"(max-width: 1024px) 100vw, 1024px\" \/><\/figure>\n\n\n\n<p class=\"wp-block-paragraph\">Al respecto, el director de Inclusi\u00f3n para las Personas con Discapacidad, Alfonso Hayyim Flores Barrera, destac\u00f3: \u201cEn este gobierno demostramos que las personas con discapacidad merecen y tienen la capacidad plena de sentirse \u00fatiles, productivas y ser protagonistas de su propio desarrollo, adquiriendo herramientas clave para adentrarse al mercado laboral formal\u201d.<\/p>\n\n\n\n<p class=\"wp-block-paragraph\">Hasta la fecha, el programa cuenta con una comunidad activa de 30 personas, 10 productoras y 20 practicantes en proceso de perfeccionamiento, quienes han alcanzado la destacada cifra de m\u00e1s de 9 mil piezas elaboradas y entregadas.<\/p>\n\n\n\n<p class=\"wp-block-paragraph\">Las personas interesadas en formar parte de este programa o en solicitar mayores informes pueden comunicarse al tel\u00e9fono 771 717 6000 extensi\u00f3n 4491, acudir directamente a las oficinas ubicadas en Calle 16 de enero #309, Colonia Revoluci\u00f3n, en Pachuca, Hidalgo, C.P. 42060, o bien consultar los detalles a trav\u00e9s de las redes sociales oficiales en <a href=\"https:\/\/www.google.com\/search?q=https%3A%2F%2Ffacebook.com%2FDiscapacidadHgo\">facebook.com\/DiscapacidadHgo<\/a>.<\/p>\n","protected":false},"excerpt":{"rendered":"<p>Por Redacci\u00f3n\/Zunoticia Pachuca de Soto, Hgo.- Con el compromiso de construir un estado m\u00e1s equitativo, accesible y humano, la Secretar\u00eda de Bienestar e Inclusi\u00f3n Social (Sebiso), a trav\u00e9s de la Direcci\u00f3n de Inclusi\u00f3n para las Personas con Discapacidad, lleva a cabo un taller de habilidades laborales dise\u00f1ado para abrir puertas a la experiencia pr\u00e1ctica y&hellip; <a class=\"more-link\" href=\"https:\/\/www.zunoticia.com\/noticias-de-hidalgo\/2026\/08\/31\/impulsan-autonomia-laboral-de-personas-con-discapacidad-en-hidalgo\/\">Seguir leyendo <span class=\"screen-reader-text\">Impulsan autonom\u00eda laboral de personas\u00a0con discapacidad en Hidalgo<\/span><\/a><\/p>\n","protected":false},"author":20,"featured_media":647058,"comment_status":"open","ping_status":"open","sticky":false,"template":"","format":"standard","meta":{"rop_custom_images_group":[],"rop_custom_messages_group":[],"rop_publish_now":"initial","rop_publish_now_accounts":{"facebook_10159540855086992_322828327761733":""},"rop_publish_now_history":[],"rop_publish_now_status":"pending","footnotes":""},"categories":[208],"tags":[214],"class_list":["post-647053","post","type-post","status-publish","format-standard","has-post-thumbnail","hentry","category-estado","tag-estado","entry"],"_links":{"self":[{"href":"https:\/\/www.zunoticia.com\/noticias-de-hidalgo\/wp-json\/wp\/v2\/posts\/647053","targetHints":{"allow":["GET"]}}],"collection":[{"href":"https:\/\/www.zunoticia.com\/noticias-de-hidalgo\/wp-json\/wp\/v2\/posts"}],"about":[{"href":"https:\/\/www.zunoticia.com\/noticias-de-hidalgo\/wp-json\/wp\/v2\/types\/post"}],"author":[{"embeddable":true,"href":"https:\/\/www.zunoticia.com\/noticias-de-hidalgo\/wp-json\/wp\/v2\/users\/20"}],"replies":[{"embeddable":true,"href":"https:\/\/www.zunoticia.com\/noticias-de-hidalgo\/wp-json\/wp\/v2\/comments?post=647053"}],"version-history":[{"count":1,"href":"https:\/\/www.zunoticia.com\/noticias-de-hidalgo\/wp-json\/wp\/v2\/posts\/647053\/revisions"}],"predecessor-version":[{"id":647060,"href":"https:\/\/www.zunoticia.com\/noticias-de-hidalgo\/wp-json\/wp\/v2\/posts\/647053\/revisions\/647060"}],"wp:featuredmedia":[{"embeddable":true,"href":"https:\/\/www.zunoticia.com\/noticias-de-hidalgo\/wp-json\/wp\/v2\/media\/647058"}],"wp:attachment":[{"href":"https:\/\/www.zunoticia.com\/noticias-de-hidalgo\/wp-json\/wp\/v2\/media?parent=647053"}],"wp:term":[{"taxonomy":"category","embeddable":true,"href":"https:\/\/www.zunoticia.com\/noticias-de-hidalgo\/wp-json\/wp\/v2\/categories?post=647053"},{"taxonomy":"post_tag","embeddable":true,"href":"https:\/\/www.zunoticia.com\/noticias-de-hidalgo\/wp-json\/wp\/v2\/tags?post=647053"}],"curies":[{"name":"wp","href":"https:\/\/api.w.org\/{rel}","templated":true}]}}