{"id":565908,"date":"2023-11-27T22:44:30","date_gmt":"2023-11-28T04:44:30","guid":{"rendered":"https:\/\/www.zunoticia.com\/noticias-de-san-lui-potosi\/?p=565908"},"modified":"2023-11-27T22:44:31","modified_gmt":"2023-11-28T04:44:31","slug":"ya-hay-fecha-oficial-zafra-iniciara-el-18-de-diciembre","status":"publish","type":"post","link":"https:\/\/www.zunoticia.com\/noticias-de-san-lui-potosi\/2023\/11\/27\/ya-hay-fecha-oficial-zafra-iniciara-el-18-de-diciembre\/","title":{"rendered":"Ya hay fecha oficial, Zafra iniciar\u00e1 el 18 de diciembre"},"content":{"rendered":"\n<p><em>Por Eunice Ram\u00edrez\/Zunoticia<\/em><\/p>\n\n\n\n<p><strong>Ciudad Valles, S.L.P. &#8211;<\/strong> Fue el pasado viernes cuando integrantes del Comit\u00e9 de la Ca\u00f1a de Az\u00facar del Ingenio Plan de Ayala, acordaron la fecha oficial para el inicio 2023, actividad que conforme a lo firmado en el acta de asamblea estar\u00e1 dando inicio el pr\u00f3ximo 18 de diciembre.<\/p>\n\n\n\n<p>Eduardo Mart\u00ednez Morales dirigente de la Uni\u00f3n Local de Productores de Canad\u00e1 de Az\u00facar del Ingenio Plan de Ayala, refiri\u00f3 que en el acuerdo estuvieron presentes productores que conforman el comit\u00e9 provenientes de la CNPR, Grupo Ejidal de Producci\u00f3n Ca\u00f1era as\u00ed como de la Uni\u00f3n Local, por lo que para este a\u00f1o el IPA estar\u00eda procesando 725 mil toneladas, de las cuales 150 mil toneladas ser\u00e1n provenientes de El Higo, Veracruz.<\/p>\n\n\n\n<p>Mart\u00ednez Morales precis\u00f3 que la quema de ca\u00f1a comenzar\u00e1 a partir del 10 de diciembre y para el 14 de diciembre comenzar\u00e1n a transportar la Ca\u00f1a para el inicio oficial de zafra, mencion\u00f3 que para la presente semana ya planea una reuni\u00f3n con comisar\u00edas y directivas para informar todo lo relacionado con la actividad, as\u00ed como el dar a conocer las tarifas actuales.<\/p>\n\n\n\n<p>A fin de evitar paros constantes una vez que inicie la zafra, Eduardo Mart\u00ednez coment\u00f3 que estar\u00e1 dialogando con los cabos a cargo de la flotilla de trabajadores, enfatizando que los \u00fanicos d\u00edas de paro oficial son el 25 de diciembre y a\u00f1o nuevo.<\/p>\n","protected":false},"excerpt":{"rendered":"<p>Por Eunice Ram\u00edrez\/Zunoticia Ciudad Valles, S.L.P. &#8211; Fue el pasado viernes cuando integrantes del Comit\u00e9 de la Ca\u00f1a de Az\u00facar del Ingenio Plan de Ayala, acordaron la fecha oficial para el inicio 2023, actividad que conforme a lo firmado en el acta de asamblea estar\u00e1 dando inicio el pr\u00f3ximo 18 de diciembre. Eduardo Mart\u00ednez Morales&hellip; <a class=\"more-link\" href=\"https:\/\/www.zunoticia.com\/noticias-de-san-lui-potosi\/2023\/11\/27\/ya-hay-fecha-oficial-zafra-iniciara-el-18-de-diciembre\/\">Seguir leyendo <span class=\"screen-reader-text\">Ya hay fecha oficial, Zafra iniciar\u00e1 el 18 de diciembre<\/span><\/a><\/p>\n","protected":false},"author":11,"featured_media":565909,"comment_status":"open","ping_status":"open","sticky":false,"template":"","format":"standard","meta":{"footnotes":""},"categories":[183],"tags":[209],"class_list":["post-565908","post","type-post","status-publish","format-standard","has-post-thumbnail","hentry","category-ciudad-valles","tag-ciudad-valles","entry"],"_links":{"self":[{"href":"https:\/\/www.zunoticia.com\/noticias-de-san-lui-potosi\/wp-json\/wp\/v2\/posts\/565908","targetHints":{"allow":["GET"]}}],"collection":[{"href":"https:\/\/www.zunoticia.com\/noticias-de-san-lui-potosi\/wp-json\/wp\/v2\/posts"}],"about":[{"href":"https:\/\/www.zunoticia.com\/noticias-de-san-lui-potosi\/wp-json\/wp\/v2\/types\/post"}],"author":[{"embeddable":true,"href":"https:\/\/www.zunoticia.com\/noticias-de-san-lui-potosi\/wp-json\/wp\/v2\/users\/11"}],"replies":[{"embeddable":true,"href":"https:\/\/www.zunoticia.com\/noticias-de-san-lui-potosi\/wp-json\/wp\/v2\/comments?post=565908"}],"version-history":[{"count":1,"href":"https:\/\/www.zunoticia.com\/noticias-de-san-lui-potosi\/wp-json\/wp\/v2\/posts\/565908\/revisions"}],"predecessor-version":[{"id":565910,"href":"https:\/\/www.zunoticia.com\/noticias-de-san-lui-potosi\/wp-json\/wp\/v2\/posts\/565908\/revisions\/565910"}],"wp:featuredmedia":[{"embeddable":true,"href":"https:\/\/www.zunoticia.com\/noticias-de-san-lui-potosi\/wp-json\/wp\/v2\/media\/565909"}],"wp:attachment":[{"href":"https:\/\/www.zunoticia.com\/noticias-de-san-lui-potosi\/wp-json\/wp\/v2\/media?parent=565908"}],"wp:term":[{"taxonomy":"category","embeddable":true,"href":"https:\/\/www.zunoticia.com\/noticias-de-san-lui-potosi\/wp-json\/wp\/v2\/categories?post=565908"},{"taxonomy":"post_tag","embeddable":true,"href":"https:\/\/www.zunoticia.com\/noticias-de-san-lui-potosi\/wp-json\/wp\/v2\/tags?post=565908"}],"curies":[{"name":"wp","href":"https:\/\/api.w.org\/{rel}","templated":true}]}}