{"id":736080,"date":"2026-04-15T21:02:32","date_gmt":"2026-04-16T03:02:32","guid":{"rendered":"https:\/\/www.zunoticia.com\/noticias-de-san-lui-potosi\/?p=736080"},"modified":"2026-04-15T21:02:35","modified_gmt":"2026-04-16T03:02:35","slug":"catolicos-reciben-desde-roma-a-lider-de-la-congregacion-del-espiritu-santo","status":"publish","type":"post","link":"https:\/\/www.zunoticia.com\/noticias-de-san-lui-potosi\/2026\/04\/15\/catolicos-reciben-desde-roma-a-lider-de-la-congregacion-del-espiritu-santo\/","title":{"rendered":"Cat\u00f3licos reciben desde Roma a l\u00edder de la Congregaci\u00f3n del Esp\u00edritu Santo"},"content":{"rendered":"\n<ul class=\"wp-block-list\">\n<li>Dieron efusiva recepci\u00f3n al Padre Antonio Neves, quien presidi\u00f3 una misa en la iglesia \u201cSan Juan Bautista\u201d.<\/li>\n<\/ul>\n\n\n\n<p><em>Por: Marcos S\u00e1nchez Francisco\/Zunoticia.<\/em><\/p>\n\n\n\n<p><strong>Coxcatl\u00e1n, S.L.P.- <\/strong>La feligres\u00eda cat\u00f3lica tuvo la visita pastoral distinguida del Padre Antonio Neves, coordinador general de la Congregaci\u00f3n del Esp\u00edritu Santo, con sede en Roma, Italia.<\/p>\n\n\n\n<p>El representante de la congregaci\u00f3n -Congregaci\u00f3n del Esp\u00edritu Santo, bajo la Protecci\u00f3n del Inmaculado Coraz\u00f3n de Mar\u00eda- explic\u00f3 en entrevista con ZUNOTICIA Digital que esta visita forma parte de un recorrido internacional que realizan cada ocho a\u00f1os, periodo en el que el gobierno general de la orden se renueva en Roma y se eval\u00faa el trabajo misionero en las distintas comunidades donde tienen presencia.<\/p>\n\n\n\n<figure class=\"wp-block-image size-large\"><img fetchpriority=\"high\" decoding=\"async\" width=\"1024\" height=\"771\" src=\"https:\/\/www.zunoticia.com\/noticias-de-san-lui-potosi\/wp-content\/uploads\/2026\/04\/WhatsApp-Image-2026-04-15-at-8.50.34-PM-1024x771.jpeg\" alt=\"\" class=\"wp-image-736083\" srcset=\"https:\/\/www.zunoticia.com\/noticias-de-san-lui-potosi\/wp-content\/uploads\/2026\/04\/WhatsApp-Image-2026-04-15-at-8.50.34-PM-1024x771.jpeg 1024w, https:\/\/www.zunoticia.com\/noticias-de-san-lui-potosi\/wp-content\/uploads\/2026\/04\/WhatsApp-Image-2026-04-15-at-8.50.34-PM-300x226.jpeg 300w, https:\/\/www.zunoticia.com\/noticias-de-san-lui-potosi\/wp-content\/uploads\/2026\/04\/WhatsApp-Image-2026-04-15-at-8.50.34-PM-768x578.jpeg 768w, https:\/\/www.zunoticia.com\/noticias-de-san-lui-potosi\/wp-content\/uploads\/2026\/04\/WhatsApp-Image-2026-04-15-at-8.50.34-PM-1536x1156.jpeg 1536w, https:\/\/www.zunoticia.com\/noticias-de-san-lui-potosi\/wp-content\/uploads\/2026\/04\/WhatsApp-Image-2026-04-15-at-8.50.34-PM-1568x1180.jpeg 1568w, https:\/\/www.zunoticia.com\/noticias-de-san-lui-potosi\/wp-content\/uploads\/2026\/04\/WhatsApp-Image-2026-04-15-at-8.50.34-PM.jpeg 1600w\" sizes=\"(max-width: 1024px) 100vw, 1024px\" \/><\/figure>\n\n\n\n<p>Se\u00f1al\u00f3 que los espiritanos suman alrededor de tres mil miembros y se encuentran en 56 pa\u00edses, distribuidos en los cinco continentes.<\/p>\n\n\n\n<p>Subray\u00f3 que estas visitas tienen un car\u00e1cter fraterno y de acompa\u00f1amiento, orientadas a revisar la vida comunitaria, fortalecer la misi\u00f3n y acompa\u00f1ar a los religiosos en su labor pastoral.<\/p>\n\n\n\n<p>\u201cEs un tiempo para encontrarnos, reflexionar la misi\u00f3n y apoyar a los cofrades, para que sientan que somos una gran familia que trabaja por la justicia, la paz y los derechos humanos\u201d, expres\u00f3.<\/p>\n\n\n\n<figure class=\"wp-block-image size-large\"><img decoding=\"async\" width=\"1024\" height=\"770\" src=\"https:\/\/www.zunoticia.com\/noticias-de-san-lui-potosi\/wp-content\/uploads\/2026\/04\/WhatsApp-Image-2026-04-15-at-8.54.20-PM-1024x770.jpeg\" alt=\"\" class=\"wp-image-736085\" srcset=\"https:\/\/www.zunoticia.com\/noticias-de-san-lui-potosi\/wp-content\/uploads\/2026\/04\/WhatsApp-Image-2026-04-15-at-8.54.20-PM-1024x770.jpeg 1024w, https:\/\/www.zunoticia.com\/noticias-de-san-lui-potosi\/wp-content\/uploads\/2026\/04\/WhatsApp-Image-2026-04-15-at-8.54.20-PM-300x226.jpeg 300w, https:\/\/www.zunoticia.com\/noticias-de-san-lui-potosi\/wp-content\/uploads\/2026\/04\/WhatsApp-Image-2026-04-15-at-8.54.20-PM-768x578.jpeg 768w, https:\/\/www.zunoticia.com\/noticias-de-san-lui-potosi\/wp-content\/uploads\/2026\/04\/WhatsApp-Image-2026-04-15-at-8.54.20-PM.jpeg 1280w\" sizes=\"(max-width: 1024px) 100vw, 1024px\" \/><\/figure>\n\n\n\n<p>Durante su mensaje, el Padre Neves dese\u00f3 un buen a\u00f1o a la comunidad y destac\u00f3 el compromiso de los misioneros espiritanos que trabajan en la zona, invit\u00e1ndolos a continuar su labor en unidad con la poblaci\u00f3n para promover la paz y la justicia social.<\/p>\n\n\n\n<p>El l\u00edder espiritual tambi\u00e9n explic\u00f3 que el trabajo de la congregaci\u00f3n se desarrolla en parroquias, hospitales, escuelas y diversos espacios comunitarios, con el objetivo de anunciar el evangelio y acompa\u00f1ar a las personas en sus necesidades sociales y espirituales.<\/p>\n\n\n\n<p>Como parte de la visita, el Padre Antonio Neves, acompa\u00f1ado del Padre V\u00edctor Mart\u00ednez Mart\u00ednez, presidi\u00f3 una celebraci\u00f3n eucar\u00edstica en la iglesia de Iglesia de San Juan Bautista, realizada al mediod\u00eda de este martes 15 de abril.<\/p>\n\n\n\n<p>A la ceremonia asistieron mayordomos, ministros, catequistas, integrantes de grupos parroquiales y movimientos religiosos.<\/p>\n\n\n\n<p>Al finalizar la misa se ofreci\u00f3 un convivio comunitario, al que tambi\u00e9n acudi\u00f3 el alcalde Omar Alberto Soni Bulos, quien salud\u00f3 al representante de la congregaci\u00f3n durante su visita oficial.&nbsp;<\/p>\n","protected":false},"excerpt":{"rendered":"<p>Por: Marcos S\u00e1nchez Francisco\/Zunoticia. Coxcatl\u00e1n, S.L.P.- La feligres\u00eda cat\u00f3lica tuvo la visita pastoral distinguida del Padre Antonio Neves, coordinador general de la Congregaci\u00f3n del Esp\u00edritu Santo, con sede en Roma, Italia. El representante de la congregaci\u00f3n -Congregaci\u00f3n del Esp\u00edritu Santo, bajo la Protecci\u00f3n del Inmaculado Coraz\u00f3n de Mar\u00eda- explic\u00f3 en entrevista con ZUNOTICIA Digital que&hellip; <a class=\"more-link\" href=\"https:\/\/www.zunoticia.com\/noticias-de-san-lui-potosi\/2026\/04\/15\/catolicos-reciben-desde-roma-a-lider-de-la-congregacion-del-espiritu-santo\/\">Seguir leyendo <span class=\"screen-reader-text\">Cat\u00f3licos reciben desde Roma a l\u00edder de la Congregaci\u00f3n del Esp\u00edritu Santo<\/span><\/a><\/p>\n","protected":false},"author":37,"featured_media":736081,"comment_status":"open","ping_status":"open","sticky":false,"template":"","format":"standard","meta":{"footnotes":""},"categories":[191,185],"tags":[205],"class_list":["post-736080","post","type-post","status-publish","format-standard","has-post-thumbnail","hentry","category-coxcatlan","category-huasteca-centro","tag-coxcatlan","entry"],"_links":{"self":[{"href":"https:\/\/www.zunoticia.com\/noticias-de-san-lui-potosi\/wp-json\/wp\/v2\/posts\/736080","targetHints":{"allow":["GET"]}}],"collection":[{"href":"https:\/\/www.zunoticia.com\/noticias-de-san-lui-potosi\/wp-json\/wp\/v2\/posts"}],"about":[{"href":"https:\/\/www.zunoticia.com\/noticias-de-san-lui-potosi\/wp-json\/wp\/v2\/types\/post"}],"author":[{"embeddable":true,"href":"https:\/\/www.zunoticia.com\/noticias-de-san-lui-potosi\/wp-json\/wp\/v2\/users\/37"}],"replies":[{"embeddable":true,"href":"https:\/\/www.zunoticia.com\/noticias-de-san-lui-potosi\/wp-json\/wp\/v2\/comments?post=736080"}],"version-history":[{"count":1,"href":"https:\/\/www.zunoticia.com\/noticias-de-san-lui-potosi\/wp-json\/wp\/v2\/posts\/736080\/revisions"}],"predecessor-version":[{"id":736087,"href":"https:\/\/www.zunoticia.com\/noticias-de-san-lui-potosi\/wp-json\/wp\/v2\/posts\/736080\/revisions\/736087"}],"wp:featuredmedia":[{"embeddable":true,"href":"https:\/\/www.zunoticia.com\/noticias-de-san-lui-potosi\/wp-json\/wp\/v2\/media\/736081"}],"wp:attachment":[{"href":"https:\/\/www.zunoticia.com\/noticias-de-san-lui-potosi\/wp-json\/wp\/v2\/media?parent=736080"}],"wp:term":[{"taxonomy":"category","embeddable":true,"href":"https:\/\/www.zunoticia.com\/noticias-de-san-lui-potosi\/wp-json\/wp\/v2\/categories?post=736080"},{"taxonomy":"post_tag","embeddable":true,"href":"https:\/\/www.zunoticia.com\/noticias-de-san-lui-potosi\/wp-json\/wp\/v2\/tags?post=736080"}],"curies":[{"name":"wp","href":"https:\/\/api.w.org\/{rel}","templated":true}]}}