{"id":736147,"date":"2026-04-15T23:04:33","date_gmt":"2026-04-16T05:04:33","guid":{"rendered":"https:\/\/www.zunoticia.com\/noticias-de-san-lui-potosi\/?p=736147"},"modified":"2026-04-15T23:04:35","modified_gmt":"2026-04-16T05:04:35","slug":"concluyo-la-campana-de-vacunacion-antirrabica","status":"publish","type":"post","link":"https:\/\/www.zunoticia.com\/noticias-de-san-lui-potosi\/2026\/04\/15\/concluyo-la-campana-de-vacunacion-antirrabica\/","title":{"rendered":"Concluy\u00f3 la campa\u00f1a de vacunaci\u00f3n antirr\u00e1bica\u00a0\u00a0\u00a0\u00a0\u00a0\u00a0"},"content":{"rendered":"\n<p><em>Por Redacci\u00f3n \/ Zunoticia.<\/em><\/p>\n\n\n\n<p><strong>Ciudad Valles, S.L.P.- <\/strong>La Direcci\u00f3n Municipal de Ecolog\u00eda concluy\u00f3 su participaci\u00f3n en la campa\u00f1a de vacunaci\u00f3n antirr\u00e1bica el pasado martes, as\u00ed lo dio a conocer el titular de esta oficina, Julio C\u00e9sar Otero Torres.\u00a0\u00a0\u00a0\u00a0\u00a0\u00a0\u00a0\u00a0\u00a0\u00a0\u00a0\u00a0\u00a0\u00a0\u00a0\u00a0\u00a0\u00a0\u00a0\u00a0\u00a0\u00a0\u00a0\u00a0\u00a0\u00a0\u00a0\u00a0\u00a0<\/p>\n\n\n\n<p>Sobre el particular, explic\u00f3 que fue este martes cuando se efectu\u00f3 la \u00faltima jornada en la colonia Buenos Aires, d\u00f3nde minutos antes de finalizar ya se hab\u00edan vacunado ochenta y siete mascotas.&nbsp;&nbsp;&nbsp;&nbsp;&nbsp;&nbsp;&nbsp;&nbsp;&nbsp;&nbsp;&nbsp;&nbsp;&nbsp;&nbsp;&nbsp;&nbsp;&nbsp;&nbsp;&nbsp;&nbsp;&nbsp;&nbsp;&nbsp;&nbsp;&nbsp;&nbsp;&nbsp;&nbsp;&nbsp;&nbsp;&nbsp;&nbsp;&nbsp;&nbsp;<\/p>\n\n\n\n<p>A\u00f1adi\u00f3 que esta labor la hacen en apoyo a la campa\u00f1a desplegada en todo el municipio, en donde fueron colocados un total de diecis\u00e9is puestos de vacunaci\u00f3n, pero a\u00fan as\u00ed quedaron sin vacunar muchas mascotas, debido a que hay quienes tienen tres, cuatro o m\u00e1s.<\/p>\n\n\n\n<p>Otero Torres, dio a conocer que la primera jornada de vacunaci\u00f3n antirr\u00e1bica se llev\u00f3 a cabo en el edificio La Colmena y la segunda fue en la colonia Plan de Ayala; a\u00f1adi\u00f3 que, debido a una serie de compromisos de este departamento, es que se detiene la campa\u00f1a, al menos por este mes.<\/p>\n","protected":false},"excerpt":{"rendered":"<p>Por Redacci\u00f3n \/ Zunoticia. Ciudad Valles, S.L.P.- La Direcci\u00f3n Municipal de Ecolog\u00eda concluy\u00f3 su participaci\u00f3n en la campa\u00f1a de vacunaci\u00f3n antirr\u00e1bica el pasado martes, as\u00ed lo dio a conocer el titular de esta oficina, Julio C\u00e9sar Otero Torres.\u00a0\u00a0\u00a0\u00a0\u00a0\u00a0\u00a0\u00a0\u00a0\u00a0\u00a0\u00a0\u00a0\u00a0\u00a0\u00a0\u00a0\u00a0\u00a0\u00a0\u00a0\u00a0\u00a0\u00a0\u00a0\u00a0\u00a0\u00a0\u00a0 Sobre el particular, explic\u00f3 que fue este martes cuando se efectu\u00f3 la \u00faltima jornada en la colonia&hellip; <a class=\"more-link\" href=\"https:\/\/www.zunoticia.com\/noticias-de-san-lui-potosi\/2026\/04\/15\/concluyo-la-campana-de-vacunacion-antirrabica\/\">Seguir leyendo <span class=\"screen-reader-text\">Concluy\u00f3 la campa\u00f1a de vacunaci\u00f3n antirr\u00e1bica\u00a0\u00a0\u00a0\u00a0\u00a0\u00a0<\/span><\/a><\/p>\n","protected":false},"author":37,"featured_media":736126,"comment_status":"open","ping_status":"open","sticky":false,"template":"","format":"standard","meta":{"footnotes":""},"categories":[183,247],"tags":[209],"class_list":["post-736147","post","type-post","status-publish","format-standard","has-post-thumbnail","hentry","category-ciudad-valles","category-huasteca-norte","tag-ciudad-valles","entry"],"_links":{"self":[{"href":"https:\/\/www.zunoticia.com\/noticias-de-san-lui-potosi\/wp-json\/wp\/v2\/posts\/736147","targetHints":{"allow":["GET"]}}],"collection":[{"href":"https:\/\/www.zunoticia.com\/noticias-de-san-lui-potosi\/wp-json\/wp\/v2\/posts"}],"about":[{"href":"https:\/\/www.zunoticia.com\/noticias-de-san-lui-potosi\/wp-json\/wp\/v2\/types\/post"}],"author":[{"embeddable":true,"href":"https:\/\/www.zunoticia.com\/noticias-de-san-lui-potosi\/wp-json\/wp\/v2\/users\/37"}],"replies":[{"embeddable":true,"href":"https:\/\/www.zunoticia.com\/noticias-de-san-lui-potosi\/wp-json\/wp\/v2\/comments?post=736147"}],"version-history":[{"count":1,"href":"https:\/\/www.zunoticia.com\/noticias-de-san-lui-potosi\/wp-json\/wp\/v2\/posts\/736147\/revisions"}],"predecessor-version":[{"id":736148,"href":"https:\/\/www.zunoticia.com\/noticias-de-san-lui-potosi\/wp-json\/wp\/v2\/posts\/736147\/revisions\/736148"}],"wp:featuredmedia":[{"embeddable":true,"href":"https:\/\/www.zunoticia.com\/noticias-de-san-lui-potosi\/wp-json\/wp\/v2\/media\/736126"}],"wp:attachment":[{"href":"https:\/\/www.zunoticia.com\/noticias-de-san-lui-potosi\/wp-json\/wp\/v2\/media?parent=736147"}],"wp:term":[{"taxonomy":"category","embeddable":true,"href":"https:\/\/www.zunoticia.com\/noticias-de-san-lui-potosi\/wp-json\/wp\/v2\/categories?post=736147"},{"taxonomy":"post_tag","embeddable":true,"href":"https:\/\/www.zunoticia.com\/noticias-de-san-lui-potosi\/wp-json\/wp\/v2\/tags?post=736147"}],"curies":[{"name":"wp","href":"https:\/\/api.w.org\/{rel}","templated":true}]}}