{"id":738981,"date":"2026-04-30T21:47:40","date_gmt":"2026-05-01T03:47:40","guid":{"rendered":"https:\/\/www.zunoticia.com\/noticias-de-san-lui-potosi\/?p=738981"},"modified":"2026-04-30T21:47:42","modified_gmt":"2026-05-01T03:47:42","slug":"fuego-reduce-a-cenizas-camioneta-en-la-rua-federal","status":"publish","type":"post","link":"https:\/\/www.zunoticia.com\/noticias-de-san-lui-potosi\/2026\/04\/30\/fuego-reduce-a-cenizas-camioneta-en-la-rua-federal\/","title":{"rendered":"Fuego reduce a cenizas camioneta en la r\u00faa federal"},"content":{"rendered":"\n<ul class=\"wp-block-list\">\n<li>Activan operativo preventivo.<\/li>\n<\/ul>\n\n\n\n<p><strong>El Naranjo, S.L.P.-<\/strong> La r\u00e1pida intervenci\u00f3n de cuerpos de auxilio evit\u00f3 una situaci\u00f3n de mayor riesgo, luego de que una camioneta ardiera en llamas sobre la carretera federal Tampico\u2013Barra de Navidad, en el sector conocido como \u201cLa Cuesta de los Cedros\u201d.<\/p>\n\n\n\n<figure class=\"wp-block-image size-large\"><img fetchpriority=\"high\" decoding=\"async\" width=\"768\" height=\"1024\" src=\"https:\/\/www.zunoticia.com\/noticias-de-san-lui-potosi\/wp-content\/uploads\/2026\/04\/WhatsApp-Image-2026-04-30-at-9.28.47-PM-768x1024.jpeg\" alt=\"\" class=\"wp-image-738983\" srcset=\"https:\/\/www.zunoticia.com\/noticias-de-san-lui-potosi\/wp-content\/uploads\/2026\/04\/WhatsApp-Image-2026-04-30-at-9.28.47-PM-768x1024.jpeg 768w, https:\/\/www.zunoticia.com\/noticias-de-san-lui-potosi\/wp-content\/uploads\/2026\/04\/WhatsApp-Image-2026-04-30-at-9.28.47-PM-225x300.jpeg 225w, https:\/\/www.zunoticia.com\/noticias-de-san-lui-potosi\/wp-content\/uploads\/2026\/04\/WhatsApp-Image-2026-04-30-at-9.28.47-PM-1152x1536.jpeg 1152w, https:\/\/www.zunoticia.com\/noticias-de-san-lui-potosi\/wp-content\/uploads\/2026\/04\/WhatsApp-Image-2026-04-30-at-9.28.47-PM.jpeg 1200w\" sizes=\"(max-width: 768px) 100vw, 768px\" \/><\/figure>\n\n\n\n<p>De acuerdo con reportes de la Direcci\u00f3n de Protecci\u00f3n Civil Municipal, el incendio se origin\u00f3 presuntamente por una falla en el sistema el\u00e9ctrico de la unidad, lo que provoc\u00f3 que el fuego se propagara en cuesti\u00f3n de minutos.<\/p>\n\n\n\n<figure class=\"wp-block-image size-large\"><img decoding=\"async\" width=\"1024\" height=\"768\" src=\"https:\/\/www.zunoticia.com\/noticias-de-san-lui-potosi\/wp-content\/uploads\/2026\/04\/WhatsApp-Image-2026-04-30-at-9.27.33-PM-1024x768.jpeg\" alt=\"\" class=\"wp-image-738982\" srcset=\"https:\/\/www.zunoticia.com\/noticias-de-san-lui-potosi\/wp-content\/uploads\/2026\/04\/WhatsApp-Image-2026-04-30-at-9.27.33-PM-1024x768.jpeg 1024w, https:\/\/www.zunoticia.com\/noticias-de-san-lui-potosi\/wp-content\/uploads\/2026\/04\/WhatsApp-Image-2026-04-30-at-9.27.33-PM-300x225.jpeg 300w, https:\/\/www.zunoticia.com\/noticias-de-san-lui-potosi\/wp-content\/uploads\/2026\/04\/WhatsApp-Image-2026-04-30-at-9.27.33-PM-768x576.jpeg 768w, https:\/\/www.zunoticia.com\/noticias-de-san-lui-potosi\/wp-content\/uploads\/2026\/04\/WhatsApp-Image-2026-04-30-at-9.27.33-PM-1536x1152.jpeg 1536w, https:\/\/www.zunoticia.com\/noticias-de-san-lui-potosi\/wp-content\/uploads\/2026\/04\/WhatsApp-Image-2026-04-30-at-9.27.33-PM-1568x1176.jpeg 1568w, https:\/\/www.zunoticia.com\/noticias-de-san-lui-potosi\/wp-content\/uploads\/2026\/04\/WhatsApp-Image-2026-04-30-at-9.27.33-PM.jpeg 1600w\" sizes=\"(max-width: 1024px) 100vw, 1024px\" \/><\/figure>\n\n\n\n<p>A pesar de lo aparatoso del incidente, no se registraron personas lesionadas, ya que los ocupantes lograron ponerse a salvo a tiempo. Sin embargo, la unidad qued\u00f3 completamente destruida.<\/p>\n\n\n\n<p>Elementos de emergencia trabajaron para sofocar las llamas y mantener la zona segura, mientras se implementaron acciones de abanderamiento para prevenir accidentes.<\/p>\n\n\n\n<p>Posteriormente, se realizaron maniobras para retirar los restos del veh\u00edculo y restablecer la circulaci\u00f3n.<\/p>\n","protected":false},"excerpt":{"rendered":"<p>El Naranjo, S.L.P.- La r\u00e1pida intervenci\u00f3n de cuerpos de auxilio evit\u00f3 una situaci\u00f3n de mayor riesgo, luego de que una camioneta ardiera en llamas sobre la carretera federal Tampico\u2013Barra de Navidad, en el sector conocido como \u201cLa Cuesta de los Cedros\u201d. De acuerdo con reportes de la Direcci\u00f3n de Protecci\u00f3n Civil Municipal, el incendio se&hellip; <a class=\"more-link\" href=\"https:\/\/www.zunoticia.com\/noticias-de-san-lui-potosi\/2026\/04\/30\/fuego-reduce-a-cenizas-camioneta-en-la-rua-federal\/\">Seguir leyendo <span class=\"screen-reader-text\">Fuego reduce a cenizas camioneta en la r\u00faa federal<\/span><\/a><\/p>\n","protected":false},"author":37,"featured_media":738985,"comment_status":"open","ping_status":"open","sticky":false,"template":"","format":"standard","meta":{"footnotes":""},"categories":[380,247,187],"tags":[207],"class_list":["post-738981","post","type-post","status-publish","format-standard","has-post-thumbnail","hentry","category-el-naranjo","category-huasteca-norte","category-policiaca","tag-policiaca","entry"],"_links":{"self":[{"href":"https:\/\/www.zunoticia.com\/noticias-de-san-lui-potosi\/wp-json\/wp\/v2\/posts\/738981","targetHints":{"allow":["GET"]}}],"collection":[{"href":"https:\/\/www.zunoticia.com\/noticias-de-san-lui-potosi\/wp-json\/wp\/v2\/posts"}],"about":[{"href":"https:\/\/www.zunoticia.com\/noticias-de-san-lui-potosi\/wp-json\/wp\/v2\/types\/post"}],"author":[{"embeddable":true,"href":"https:\/\/www.zunoticia.com\/noticias-de-san-lui-potosi\/wp-json\/wp\/v2\/users\/37"}],"replies":[{"embeddable":true,"href":"https:\/\/www.zunoticia.com\/noticias-de-san-lui-potosi\/wp-json\/wp\/v2\/comments?post=738981"}],"version-history":[{"count":1,"href":"https:\/\/www.zunoticia.com\/noticias-de-san-lui-potosi\/wp-json\/wp\/v2\/posts\/738981\/revisions"}],"predecessor-version":[{"id":738989,"href":"https:\/\/www.zunoticia.com\/noticias-de-san-lui-potosi\/wp-json\/wp\/v2\/posts\/738981\/revisions\/738989"}],"wp:featuredmedia":[{"embeddable":true,"href":"https:\/\/www.zunoticia.com\/noticias-de-san-lui-potosi\/wp-json\/wp\/v2\/media\/738985"}],"wp:attachment":[{"href":"https:\/\/www.zunoticia.com\/noticias-de-san-lui-potosi\/wp-json\/wp\/v2\/media?parent=738981"}],"wp:term":[{"taxonomy":"category","embeddable":true,"href":"https:\/\/www.zunoticia.com\/noticias-de-san-lui-potosi\/wp-json\/wp\/v2\/categories?post=738981"},{"taxonomy":"post_tag","embeddable":true,"href":"https:\/\/www.zunoticia.com\/noticias-de-san-lui-potosi\/wp-json\/wp\/v2\/tags?post=738981"}],"curies":[{"name":"wp","href":"https:\/\/api.w.org\/{rel}","templated":true}]}}