{"id":739070,"date":"2026-04-30T23:25:48","date_gmt":"2026-05-01T05:25:48","guid":{"rendered":"https:\/\/www.zunoticia.com\/noticias-de-san-lui-potosi\/?p=739070"},"modified":"2026-04-30T23:25:50","modified_gmt":"2026-05-01T05:25:50","slug":"delegacion-de-huichihuayan-celebro-el-dia-del-nino","status":"publish","type":"post","link":"https:\/\/www.zunoticia.com\/noticias-de-san-lui-potosi\/2026\/04\/30\/delegacion-de-huichihuayan-celebro-el-dia-del-nino\/","title":{"rendered":"Delegaci\u00f3n de Huichihuay\u00e1n celebr\u00f3 el D\u00eda del Ni\u00f1o"},"content":{"rendered":"\n<ul class=\"wp-block-list\">\n<li>Con gran ambiente familiar, llevaron a cabo el festejo para los peque\u00f1ines.<\/li>\n<\/ul>\n\n\n\n<p><em> Redacci\u00f3n\/Zunoticia.<\/em><\/p>\n\n\n\n<p><strong>Huehuetl\u00e1n, S.L.P.- <\/strong>Se llev\u00f3 a cabo con gran \u00e9xito el festejo del D\u00eda del Ni\u00f1o en la delegaci\u00f3n de Huichihuay\u00e1n, donde ni\u00f1as y ni\u00f1os disfrutaron de una tarde llena de alegr\u00eda, sorpresas y diversi\u00f3n.<\/p>\n\n\n\n<p>El evento fue encabezado por el presidente municipal, Prof. Ram\u00f3n Mart\u00ednez Avitud, en coordinaci\u00f3n con trabajadores del H. Ayuntamiento, quienes hicieron posible esta celebraci\u00f3n que cont\u00f3 con show de payaso, entrega de dulces, alimentos y diversas actividades recreativas.<\/p>\n\n\n\n<p>Las familias asistentes vivieron un ambiente festivo, reafirmando el compromiso de la Administraci\u00f3n Municipal por fomentar espacios de convivencia y bienestar para la ni\u00f1ez.<\/p>\n\n\n\n<p>Asimismo, se hace una cordial invitaci\u00f3n a todas las ni\u00f1as y ni\u00f1os a continuar con los festejos este d\u00eda en la cabecera municipal, en punto de las 6:00 de la tarde. \u00a1No falten!<\/p>\n","protected":false},"excerpt":{"rendered":"<p>Redacci\u00f3n\/Zunoticia. Huehuetl\u00e1n, S.L.P.- Se llev\u00f3 a cabo con gran \u00e9xito el festejo del D\u00eda del Ni\u00f1o en la delegaci\u00f3n de Huichihuay\u00e1n, donde ni\u00f1as y ni\u00f1os disfrutaron de una tarde llena de alegr\u00eda, sorpresas y diversi\u00f3n. El evento fue encabezado por el presidente municipal, Prof. Ram\u00f3n Mart\u00ednez Avitud, en coordinaci\u00f3n con trabajadores del H. Ayuntamiento, quienes&hellip; <a class=\"more-link\" href=\"https:\/\/www.zunoticia.com\/noticias-de-san-lui-potosi\/2026\/04\/30\/delegacion-de-huichihuayan-celebro-el-dia-del-nino\/\">Seguir leyendo <span class=\"screen-reader-text\">Delegaci\u00f3n de Huichihuay\u00e1n celebr\u00f3 el D\u00eda del Ni\u00f1o<\/span><\/a><\/p>\n","protected":false},"author":37,"featured_media":739066,"comment_status":"open","ping_status":"open","sticky":false,"template":"","format":"standard","meta":{"footnotes":""},"categories":[185,192],"tags":[210],"class_list":["post-739070","post","type-post","status-publish","format-standard","has-post-thumbnail","hentry","category-huasteca-centro","category-huehuetlan","tag-huehuetlan","entry"],"_links":{"self":[{"href":"https:\/\/www.zunoticia.com\/noticias-de-san-lui-potosi\/wp-json\/wp\/v2\/posts\/739070","targetHints":{"allow":["GET"]}}],"collection":[{"href":"https:\/\/www.zunoticia.com\/noticias-de-san-lui-potosi\/wp-json\/wp\/v2\/posts"}],"about":[{"href":"https:\/\/www.zunoticia.com\/noticias-de-san-lui-potosi\/wp-json\/wp\/v2\/types\/post"}],"author":[{"embeddable":true,"href":"https:\/\/www.zunoticia.com\/noticias-de-san-lui-potosi\/wp-json\/wp\/v2\/users\/37"}],"replies":[{"embeddable":true,"href":"https:\/\/www.zunoticia.com\/noticias-de-san-lui-potosi\/wp-json\/wp\/v2\/comments?post=739070"}],"version-history":[{"count":1,"href":"https:\/\/www.zunoticia.com\/noticias-de-san-lui-potosi\/wp-json\/wp\/v2\/posts\/739070\/revisions"}],"predecessor-version":[{"id":739071,"href":"https:\/\/www.zunoticia.com\/noticias-de-san-lui-potosi\/wp-json\/wp\/v2\/posts\/739070\/revisions\/739071"}],"wp:featuredmedia":[{"embeddable":true,"href":"https:\/\/www.zunoticia.com\/noticias-de-san-lui-potosi\/wp-json\/wp\/v2\/media\/739066"}],"wp:attachment":[{"href":"https:\/\/www.zunoticia.com\/noticias-de-san-lui-potosi\/wp-json\/wp\/v2\/media?parent=739070"}],"wp:term":[{"taxonomy":"category","embeddable":true,"href":"https:\/\/www.zunoticia.com\/noticias-de-san-lui-potosi\/wp-json\/wp\/v2\/categories?post=739070"},{"taxonomy":"post_tag","embeddable":true,"href":"https:\/\/www.zunoticia.com\/noticias-de-san-lui-potosi\/wp-json\/wp\/v2\/tags?post=739070"}],"curies":[{"name":"wp","href":"https:\/\/api.w.org\/{rel}","templated":true}]}}